{"id":329353,"date":"2026-08-07T06:44:21","date_gmt":"2026-08-07T06:44:21","guid":{"rendered":"https:\/\/www.europesays.com\/se\/329353\/"},"modified":"2026-08-07T06:44:21","modified_gmt":"2026-08-07T06:44:21","slug":"uppgift-trump-har-pekat-ut-vance-som-favorit-for-2028","status":"publish","type":"post","link":"https:\/\/www.europesays.com\/se\/329353\/","title":{"rendered":"Uppgift: Trump har pekat ut Vance som favorit f\u00f6r 2028"},"content":{"rendered":"<p>Donald Trump har i samtal med donatorer sagt att han vill att JD Vance vinner presidentvalet i USA 2028, uppger k\u00e4llor f\u00f6r Washington Post. <\/p>\n<p>Det ska han ha uttryckt s\u00e5 sent som f\u00f6r tv\u00e5 veckor sedan under ett m\u00f6te i Vita huset. Trots det uppger sex k\u00e4llor, som \u00e4r allierade till presidenten, att de inte \u00e4r \u00f6vertygade om att Trump har best\u00e4mt sig f\u00f6r vem han vill se som republikansk presidentkandidat.<\/p>\n<p>Officiellt har han flera g\u00e5nger sagt att vicepresident JD Vance och utrikesminister Marco Rubio vore ett starkt radarpar, men utan att s\u00e4ga vem som vore mest l\u00e4mplig som president respektive vicepresident. <\/p>\n<p>Omni \u00e4r politiskt obundna och oberoende. Vi str\u00e4var efter att ge fler perspektiv p\u00e5 nyheterna. Har du fr\u00e5gor eller synpunkter kring v\u00e5r rapportering? <a href=\"https:\/\/omni.se\/uppgift-trump-har-pekat-ut-vance-som-favorit-for-2028\/a\/mailto:redaktion@omni.se\" class=\"ArticleActions-module-scss-module__w9u9BG__contactLink\" rel=\"nofollow noopener\" target=\"_blank\">Kontakta redaktionen<\/a><\/p>\n","protected":false},"excerpt":{"rendered":"Donald Trump har i samtal med donatorer sagt att han vill att JD Vance vinner presidentvalet i USA&hellip;\n","protected":false},"author":2,"featured_media":329354,"comment_status":"","ping_status":"","sticky":false,"template":"","format":"standard","meta":{"footnotes":"","_share_on_mastodon":"0"},"categories":[14],"tags":[387,22,23,385,26,27,17,21,403,24,25,28,29,1120,15,268,16,1202,18,34,31,33,32,30,19,20,74,51,52,53,54],"class_list":["post-329353","post","type-post","status-publish","format-standard","has-post-thumbnail","category-varlden","tag-amerikansk-politik","tag-breaking-news","tag-breakingnews","tag-donald-trump","tag-featured-news","tag-featurednews","tag-headlines","tag-huvudnyheter","tag-jd-vance","tag-latest-news","tag-latestnews","tag-main-news","tag-mainnews","tag-marco-rubio","tag-news","tag-nordamerika","tag-nyheter","tag-republikanerna-i-usa","tag-rubriker","tag-se","tag-svenska","tag-sverige","tag-sweden","tag-swedish","tag-top-stories","tag-topstories","tag-usa","tag-varlden","tag-world","tag-world-news","tag-worldnews"],"share_on_mastodon":{"url":"https:\/\/pubeurope.com\/@se\/117052877727216916","error":""},"_links":{"self":[{"href":"https:\/\/www.europesays.com\/se\/wp-json\/wp\/v2\/posts\/329353","targetHints":{"allow":["GET"]}}],"collection":[{"href":"https:\/\/www.europesays.com\/se\/wp-json\/wp\/v2\/posts"}],"about":[{"href":"https:\/\/www.europesays.com\/se\/wp-json\/wp\/v2\/types\/post"}],"author":[{"embeddable":true,"href":"https:\/\/www.europesays.com\/se\/wp-json\/wp\/v2\/users\/2"}],"replies":[{"embeddable":true,"href":"https:\/\/www.europesays.com\/se\/wp-json\/wp\/v2\/comments?post=329353"}],"version-history":[{"count":0,"href":"https:\/\/www.europesays.com\/se\/wp-json\/wp\/v2\/posts\/329353\/revisions"}],"wp:featuredmedia":[{"embeddable":true,"href":"https:\/\/www.europesays.com\/se\/wp-json\/wp\/v2\/media\/329354"}],"wp:attachment":[{"href":"https:\/\/www.europesays.com\/se\/wp-json\/wp\/v2\/media?parent=329353"}],"wp:term":[{"taxonomy":"category","embeddable":true,"href":"https:\/\/www.europesays.com\/se\/wp-json\/wp\/v2\/categories?post=329353"},{"taxonomy":"post_tag","embeddable":true,"href":"https:\/\/www.europesays.com\/se\/wp-json\/wp\/v2\/tags?post=329353"}],"curies":[{"name":"wp","href":"https:\/\/api.w.org\/{rel}","templated":true}]}}