{"id":32951,"date":"2025-09-17T23:37:22","date_gmt":"2025-09-17T23:37:22","guid":{"rendered":"https:\/\/www.europesays.com\/se\/32951\/"},"modified":"2025-09-17T23:37:22","modified_gmt":"2025-09-17T23:37:22","slug":"visste-du-att-robert-redford-var-med-i-den-storsta-filmen-genom-tiderna","status":"publish","type":"post","link":"https:\/\/www.europesays.com\/se\/32951\/","title":{"rendered":"Visste du att\u2026 Robert Redford var med i den st\u00f6rsta filmen genom tiderna"},"content":{"rendered":"<p>N\u00e4r Robert Redfords b\u00e4sta filmer kommer p\u00e5 tal \u00e4r det sv\u00e5rt att inte t\u00e4nka p\u00e5 klassikerna fr\u00e5n f\u00f6rr. Ikoniska filmer som \u201dBl\u00e5sningen\u201d, \u201dAlla presidentens m\u00e4n\u201d eller <a href=\"https:\/\/www.moviezine.se\/nyheter\/nu-pa-svt-play-filmen-som-gjorde-robert-redford-ododlig\" rel=\"nofollow noopener\" target=\"_blank\">SVT Play-aktuella \u201dButch Cassidy och Sundance Kid\u201d<\/a> brukar ofta n\u00e4mnas.<\/p>\n<p>Men f\u00f6rutom m\u00e5nga riktigt bra filmer och prestationer som definierade 1970-talet har Redford ocks\u00e5 hunnit med ett par enorma blockbusters.<\/p>\n<p>\u00c5r 2014 klev han in i Marvels universum i rollen som Alexander Pierce, en h\u00f6gt uppsatt politisk person som visade sig ha en egen agenda. Castingen av Redford var briljant \u2013 regiss\u00f6rerna bakom <strong>\u201dCaptain America: The Winter Soldier\u201d <\/strong>(2014) ville att filmen skulle efterlikna politiska thrillers fr\u00e5n f\u00f6rr, och Redford gav superhj\u00e4lterullen en extra tyngd.<\/p>\n<p>Stj\u00e4rnan sista film blev <strong>\u201dAvengers: Endgame\u201d <\/strong>(2019). Den stj\u00e4rnsp\u00e4ckade sammandrabbningen, en av filmv\u00e4rldens mest efterl\u00e4ngtade premi\u00e4rer genom tiderna, slog alla biorekord med 2,7 miljarder dollar i int\u00e4kter. Filmen \u00e4r den mest inkomstbringande n\u00e5gonsin. Och \u00e4ven om Redfords roll som Pierce \u00e4r ytterst liten h\u00e4r, s\u00e5 kunde han avsluta sin sk\u00e5despelarkarri\u00e4r med flaggan i topp.<\/p>\n<p><img loading=\"lazy\" height=\"324\" width=\"648\" class=\"wp-image-701263 sp-no-webp perfmatters-lazy\" alt=\"\" decoding=\"async\" src=\"https:\/\/www.europesays.com\/se\/wp-content\/uploads\/2025\/09\/captain-america-winter-soldier-robert-redford-648x324.jpg\"  data-\/> <\/p>\n<p>Regiss\u00f6rerna Joe och Anthony Russo kommenterar Robert Redfords d\u00f6d:<\/p>\n<p>\u201dVi \u00e4r djupt bedr\u00f6vade \u00f6ver bortg\u00e5ngen av den oers\u00e4ttlige Robert Redford \u2013 en sann legend vars sk\u00e5despeleri och regi har inspirerat oss genom hela v\u00e5ra karri\u00e4rer\u201d, s\u00e4ger br\u00f6derna Russo till <a href=\"https:\/\/www.marvel.com\/articles\/movies\/marvel-remembers-robert-redford\" target=\"_blank\" rel=\"noreferrer noopener nofollow\">Marvel.com<\/a>. <\/p>\n<p>\u201dHans arv kommer att leva vidare genom hans extraordin\u00e4ra filmer, hans otroliga prestationer, hans outtr\u00f6ttliga aktivism och det djupa inflytande som Sundance haft p\u00e5 b\u00e5de branschens utveckling och tusentals filmskapares liv. Det finns ytterst f\u00e5 m\u00e4nniskor som har p\u00e5verkat det moderna ber\u00e4ttandet s\u00e5 starkt som Robert \u2026 och vi \u00e4r djupt tacksamma f\u00f6r den tid vi fick med honom.\u201d<\/p>\n<p>\u00c5ret innan \u201dEndgame\u201d gjorde Redford huvudrollen i dramat <strong>\u201dDen siste gentlemannen\u201d<\/strong> (2018), som var hans officiella farv\u00e4l till filmv\u00e4rlden. Den filmen finns f\u00f6rst\u00e5s omn\u00e4mnd p\u00e5 v\u00e5r lista \u00f6ver <a href=\"https:\/\/www.moviezine.se\/nyheter\/robert-redfords-15-basta-roller-fran-eleganta-bedragare-till-tysta-hjaltar\" rel=\"nofollow noopener\" target=\"_blank\">Robert Redfords 15 b\u00e4sta filmer\u2026<\/a><\/p>\n<p>L\u00e4s ocks\u00e5: <a href=\"https:\/\/www.moviezine.se\/nyheter\/robert-redford-ar-dod-legendariska-skadespelaren-blev-89-ar\" title=\"Robert Redford \u00e4r d\u00f6d \u2013 legendariska sk\u00e5despelaren blev 89 \u00e5r\" class=\"underline-custom !font-montserrat !font-bold !underline-offset-4 !decoration-4 !decoration-moviezine-green !text-md\" rel=\"nofollow noopener\" target=\"_blank\">Robert Redford \u00e4r d\u00f6d \u2013 legendariska sk\u00e5despelaren blev 89 \u00e5r<\/a><\/p>\n<p>L\u00e4s ocks\u00e5: <a href=\"https:\/\/www.moviezine.se\/nyheter\/5-otippade-skadespelare-som-kunde-ha-spelat-superman\" title=\"5 otippade sk\u00e5despelare som kunde ha spelat Superman\" class=\"underline-custom !font-montserrat !font-bold !underline-offset-4 !decoration-4 !decoration-moviezine-green !text-md\" rel=\"nofollow noopener\" target=\"_blank\">5 otippade sk\u00e5despelare som kunde ha spelat Superman<\/a><\/p>\n","protected":false},"excerpt":{"rendered":"N\u00e4r Robert Redfords b\u00e4sta filmer kommer p\u00e5 tal \u00e4r det sv\u00e5rt att inte t\u00e4nka p\u00e5 klassikerna fr\u00e5n f\u00f6rr.&hellip;\n","protected":false},"author":2,"featured_media":32952,"comment_status":"","ping_status":"","sticky":false,"template":"","format":"standard","meta":{"footnotes":""},"categories":[5],"tags":[22,23,26,27,17,21,24,25,28,29,2390,15,16,18,34,31,33,32,30,19,20],"class_list":{"0":"post-32951","1":"post","2":"type-post","3":"status-publish","4":"format-standard","5":"has-post-thumbnail","7":"category-rubriker","8":"tag-breaking-news","9":"tag-breakingnews","10":"tag-featured-news","11":"tag-featurednews","12":"tag-headlines","13":"tag-huvudnyheter","14":"tag-latest-news","15":"tag-latestnews","16":"tag-main-news","17":"tag-mainnews","18":"tag-marvel","19":"tag-news","20":"tag-nyheter","21":"tag-rubriker","22":"tag-se","23":"tag-svenska","24":"tag-sverige","25":"tag-sweden","26":"tag-swedish","27":"tag-top-stories","28":"tag-topstories"},"share_on_mastodon":{"url":"","error":""},"_links":{"self":[{"href":"https:\/\/www.europesays.com\/se\/wp-json\/wp\/v2\/posts\/32951","targetHints":{"allow":["GET"]}}],"collection":[{"href":"https:\/\/www.europesays.com\/se\/wp-json\/wp\/v2\/posts"}],"about":[{"href":"https:\/\/www.europesays.com\/se\/wp-json\/wp\/v2\/types\/post"}],"author":[{"embeddable":true,"href":"https:\/\/www.europesays.com\/se\/wp-json\/wp\/v2\/users\/2"}],"replies":[{"embeddable":true,"href":"https:\/\/www.europesays.com\/se\/wp-json\/wp\/v2\/comments?post=32951"}],"version-history":[{"count":0,"href":"https:\/\/www.europesays.com\/se\/wp-json\/wp\/v2\/posts\/32951\/revisions"}],"wp:featuredmedia":[{"embeddable":true,"href":"https:\/\/www.europesays.com\/se\/wp-json\/wp\/v2\/media\/32952"}],"wp:attachment":[{"href":"https:\/\/www.europesays.com\/se\/wp-json\/wp\/v2\/media?parent=32951"}],"wp:term":[{"taxonomy":"category","embeddable":true,"href":"https:\/\/www.europesays.com\/se\/wp-json\/wp\/v2\/categories?post=32951"},{"taxonomy":"post_tag","embeddable":true,"href":"https:\/\/www.europesays.com\/se\/wp-json\/wp\/v2\/tags?post=32951"}],"curies":[{"name":"wp","href":"https:\/\/api.w.org\/{rel}","templated":true}]}}