{"id":33031,"date":"2025-09-18T04:44:07","date_gmt":"2025-09-18T04:44:07","guid":{"rendered":"https:\/\/www.europesays.com\/se\/33031\/"},"modified":"2025-09-18T04:44:07","modified_gmt":"2025-09-18T04:44:07","slug":"ganna-forsvann-pa-dromresan-mystiska-brevet","status":"publish","type":"post","link":"https:\/\/www.europesays.com\/se\/33031\/","title":{"rendered":"Ganna f\u00f6rsvann p\u00e5 dr\u00f6mresan \u2013 mystiska brevet"},"content":{"rendered":"<p>Publicerad 18 sep 2025 kl 04.01<\/p>\n<p>Ganna Kovrizhynkh, 38, var p\u00e5 roadtrip \u00f6ver hela USA.<\/p>\n<p>Framme p\u00e5 andra sidan kontinenten \u2013 i Kalifornien \u2013 f\u00f6rsvann hon.<\/p>\n<p>Sista sp\u00e5ren \u00e4r hennes bil \u2013 och ett mystiskt brev.<\/p>\n<p><img   alt=\"\"\/><\/p>\n<p>Ganna Kovrizhynkh har varit f\u00f6rsvunnen sedan b\u00f6rjan av juli.<\/p>\n<p>Foto: Namus<\/p>\n<p>\u00d6ppna bild i helsk\u00e4rm<img loading=\"lazy\"   alt=\"\"\/><\/p>\n<p>Hennes bil hittades \u00f6vergiven i Potrero i sydv\u00e4stra Kalifornien.<\/p>\n<p>Foto: Namus<\/p>\n<p>\u00d6ppna bild i helsk\u00e4rm<\/p>\n<p>Ganna Kovrizhynkh l\u00e4mnade hemmet i Florida f\u00f6r att ge sig ut p\u00e5 ett l\u00e5ngt \u00e4ventyr. Utrustad med sin Jeep Grand Cherokee och en husvagn tog hon en roadtrip som skulle f\u00f6ra henne till <a href=\"https:\/\/www.expressen.se\/tagg\/location\/kalifornien\/\" class=\"\" rel=\"nofollow noopener\" target=\"_blank\">Kalifornien<\/a>. Och sen kanske vidare. Varken polisen eller hennes mamma vet vad planen var. Klart \u00e4r att hon \u00e4r f\u00f6rsvunnen.<\/p>\n<p>Senast n\u00e5gon h\u00f6rde av henne var den 5 juli. D\u00e5 befann hon sig i San Diego county, i sydv\u00e4stra Kalifornien. En vecka senare hittades hennes bil och husvagn \u00f6vergivna i Potrero, som ligger i samma county, enligt <a href=\"https:\/\/namus.nij.ojp.gov\/missing-person-namus-mp149556\" rel=\"nofollow noopener\" target=\"_blank\">Namus<\/a>, den nationella databasen f\u00f6r f\u00f6rsvunna personer.\u00a0<\/p>\n<p>Kan ha f\u00f6rsvunnit till Mexiko<\/p>\n<p>Det finns ett sp\u00e5r till. Ett mystiskt fotografi av ett brev tillsammans med GPS-koordinaterna d\u00e4r bilen hittades. I brevet finns \u201di princip instruktioner om att \u00f6verl\u00e5ta hennes personliga tillg\u00e5ngar till modern\u201d.\u00a0<\/p>\n<p>\u2013 Vi vet inte vad hon hade f\u00f6r destination. Vi tror att hon mest var ute och reste runt planl\u00f6st och l\u00e4mnade sitt fordon i Potrero f\u00f6r att aldrig komma tillbaka till det, s\u00e4ger Jacob Klepach, sergeant vid San Diego-polisen, till <a href=\"https:\/\/www.nbcsandiego.com\/news\/local\/missing-woman-potrero-mexico\/3901732\/\" rel=\"nofollow noopener\" target=\"_blank\">NBC San Diego<\/a>.\u00a0<\/p>\n<p>Ett sp\u00e5r de jobbar efter \u00e4r att hon kan ha l\u00e4mnat landet och \u00e5kt till Mexiko, men sp\u00e5ret \u00e4r os\u00e4kert.<\/p>\n<p>\u2013 Vi har egentligen ingen uppfattning \u00e5t n\u00e5got h\u00e5ll i nul\u00e4get om huruvida n\u00e5got brott ligger bakom eller om hon helt enkelt frivilligt gav sig av, s\u00e4ger Klepach.<\/p>\n<p>Kovrizhynkh \u00e4r ungef\u00e4r 165 centimeter l\u00e5ng och v\u00e4ger omkring 45 kilo. Hon har blont h\u00e5r, bl\u00e5 \u00f6gon och flera tatueringar p\u00e5 armarna. Hon kan \u00e4ven b\u00e4ra peruk och anv\u00e4nda ett alias: \u201dAngel Volnaya\u201d, uppger polisen.<\/p>\n","protected":false},"excerpt":{"rendered":"Publicerad 18 sep 2025 kl 04.01 Ganna Kovrizhynkh, 38, var p\u00e5 roadtrip \u00f6ver hela USA. Framme p\u00e5 andra&hellip;\n","protected":false},"author":2,"featured_media":33032,"comment_status":"","ping_status":"","sticky":false,"template":"","format":"standard","meta":{"footnotes":""},"categories":[14],"tags":[22,23,26,27,17,21,24,25,2254,1503,3584,28,29,15,16,18,34,55,31,33,32,30,19,3585,20,51,52,53,54],"class_list":{"0":"post-33031","1":"post","2":"type-post","3":"status-publish","4":"format-standard","5":"has-post-thumbnail","7":"category-varlden","8":"tag-breaking-news","9":"tag-breakingnews","10":"tag-featured-news","11":"tag-featurednews","12":"tag-headlines","13":"tag-huvudnyheter","14":"tag-latest-news","15":"tag-latestnews","16":"tag-location-florida","17":"tag-location-kalifornien","18":"tag-location-san-diego","19":"tag-main-news","20":"tag-mainnews","21":"tag-news","22":"tag-nyheter","23":"tag-rubriker","24":"tag-se","25":"tag-sections-varlden","26":"tag-svenska","27":"tag-sverige","28":"tag-sweden","29":"tag-swedish","30":"tag-top-stories","31":"tag-topic-forsvunna-personer","32":"tag-topstories","33":"tag-varlden","34":"tag-world","35":"tag-world-news","36":"tag-worldnews"},"share_on_mastodon":{"url":"","error":""},"_links":{"self":[{"href":"https:\/\/www.europesays.com\/se\/wp-json\/wp\/v2\/posts\/33031","targetHints":{"allow":["GET"]}}],"collection":[{"href":"https:\/\/www.europesays.com\/se\/wp-json\/wp\/v2\/posts"}],"about":[{"href":"https:\/\/www.europesays.com\/se\/wp-json\/wp\/v2\/types\/post"}],"author":[{"embeddable":true,"href":"https:\/\/www.europesays.com\/se\/wp-json\/wp\/v2\/users\/2"}],"replies":[{"embeddable":true,"href":"https:\/\/www.europesays.com\/se\/wp-json\/wp\/v2\/comments?post=33031"}],"version-history":[{"count":0,"href":"https:\/\/www.europesays.com\/se\/wp-json\/wp\/v2\/posts\/33031\/revisions"}],"wp:featuredmedia":[{"embeddable":true,"href":"https:\/\/www.europesays.com\/se\/wp-json\/wp\/v2\/media\/33032"}],"wp:attachment":[{"href":"https:\/\/www.europesays.com\/se\/wp-json\/wp\/v2\/media?parent=33031"}],"wp:term":[{"taxonomy":"category","embeddable":true,"href":"https:\/\/www.europesays.com\/se\/wp-json\/wp\/v2\/categories?post=33031"},{"taxonomy":"post_tag","embeddable":true,"href":"https:\/\/www.europesays.com\/se\/wp-json\/wp\/v2\/tags?post=33031"}],"curies":[{"name":"wp","href":"https:\/\/api.w.org\/{rel}","templated":true}]}}