{"id":330315,"date":"2026-08-07T21:07:31","date_gmt":"2026-08-07T21:07:31","guid":{"rendered":"https:\/\/www.europesays.com\/se\/330315\/"},"modified":"2026-08-07T21:07:31","modified_gmt":"2026-08-07T21:07:31","slug":"vi-ville-fa-en-fordel-infor-returen-besara-om-matchplanen-mot-rakow","status":"publish","type":"post","link":"https:\/\/www.europesays.com\/se\/330315\/","title":{"rendered":"\u201dVi ville f\u00e5 en f\u00f6rdel inf\u00f6r returen\u201d &#8211; Besara om matchplanen mot Rakow"},"content":{"rendered":"<p>                                <img loading=\"lazy\" width=\"1000\" height=\"650\" src=\"https:\/\/www.europesays.com\/se\/wp-content\/uploads\/2026\/08\/IMG_1776-e1786047976233.jpg\" class=\"attachment-full size-full wp-post-image\" alt=\"\u201dVi ville f\u00e5 en f\u00f6rdel inf\u00f6r returen\u201d \u2013 Besara om matchplanen mot Rakow\" title=\"\" decoding=\"async\"  \/>                            <\/p>\n<p><strong>Nahir Besara hade inte p\u00e5 k\u00e4nn att Hammarbys startelva skulle se ut som den gjorde inf\u00f6r m\u00f6tet med Rakow.<\/strong><\/p>\n<p><strong>Men med en v\u00e4l genomf\u00f6rd matchplan fr\u00e5n Henrik Rydstr\u00f6m har Bajen satt sig i en bra sits inf\u00f6r returen i Stockholm.<\/strong><\/p>\n<p><strong>\u2013 Henke \u00e4r en riktig vinnare och man m\u00e4rker av det p\u00e5 hela auran med honom, s\u00e4ger han.<\/strong><\/p>\n<p>  Redan prenumerant? <a href=\"https:\/\/fotbollsthlm.se\/login\/\" style=\"color:blue;\" rel=\"nofollow noopener\" target=\"_blank\">Logga in<\/a> f\u00f6r att l\u00e4sa.<\/p>\n<p>Eller bli <a href=\"https:\/\/fotbollsthlm.se\/plus\/\" style=\"color:blue;\" rel=\"nofollow noopener\" target=\"_blank\">Prenumerant<\/a> &#13;\n    <\/p>\n<p>\u2022 Tillg\u00e5ng till allt material p\u00e5 Fotboll Sthlm <br \/>&#13;<br \/>\n\u2022 L\u00f6pande prenumeration, utan bindningstid <br \/>&#13;<br \/>\n\u2022 99 kronor f\u00f6r 30 dagar&#13;\n    <\/p>\n<p>                                <a href=\"https:\/\/fotbollsthlm.se\/tag\/hammarby\/\" rel=\"tag nofollow noopener\" target=\"_blank\">Hammarby<\/a>, <a href=\"https:\/\/fotbollsthlm.se\/tag\/plus\/\" rel=\"tag nofollow noopener\" target=\"_blank\">Plus<\/a>                            <\/p>\n","protected":false},"excerpt":{"rendered":"Nahir Besara hade inte p\u00e5 k\u00e4nn att Hammarbys startelva skulle se ut som den gjorde inf\u00f6r m\u00f6tet med&hellip;\n","protected":false},"author":2,"featured_media":330316,"comment_status":"","ping_status":"","sticky":false,"template":"","format":"standard","meta":{"footnotes":"","_share_on_mastodon":"0"},"categories":[5],"tags":[22,23,26,27,3712,17,21,24,25,28,29,15,16,9471,18,34,31,33,32,30,19,20],"class_list":["post-330315","post","type-post","status-publish","format-standard","has-post-thumbnail","category-rubriker","tag-breaking-news","tag-breakingnews","tag-featured-news","tag-featurednews","tag-hammarby","tag-headlines","tag-huvudnyheter","tag-latest-news","tag-latestnews","tag-main-news","tag-mainnews","tag-news","tag-nyheter","tag-plus","tag-rubriker","tag-se","tag-svenska","tag-sverige","tag-sweden","tag-swedish","tag-top-stories","tag-topstories"],"share_on_mastodon":{"url":"https:\/\/pubeurope.com\/@se\/117056271355939002","error":""},"_links":{"self":[{"href":"https:\/\/www.europesays.com\/se\/wp-json\/wp\/v2\/posts\/330315","targetHints":{"allow":["GET"]}}],"collection":[{"href":"https:\/\/www.europesays.com\/se\/wp-json\/wp\/v2\/posts"}],"about":[{"href":"https:\/\/www.europesays.com\/se\/wp-json\/wp\/v2\/types\/post"}],"author":[{"embeddable":true,"href":"https:\/\/www.europesays.com\/se\/wp-json\/wp\/v2\/users\/2"}],"replies":[{"embeddable":true,"href":"https:\/\/www.europesays.com\/se\/wp-json\/wp\/v2\/comments?post=330315"}],"version-history":[{"count":0,"href":"https:\/\/www.europesays.com\/se\/wp-json\/wp\/v2\/posts\/330315\/revisions"}],"wp:featuredmedia":[{"embeddable":true,"href":"https:\/\/www.europesays.com\/se\/wp-json\/wp\/v2\/media\/330316"}],"wp:attachment":[{"href":"https:\/\/www.europesays.com\/se\/wp-json\/wp\/v2\/media?parent=330315"}],"wp:term":[{"taxonomy":"category","embeddable":true,"href":"https:\/\/www.europesays.com\/se\/wp-json\/wp\/v2\/categories?post=330315"},{"taxonomy":"post_tag","embeddable":true,"href":"https:\/\/www.europesays.com\/se\/wp-json\/wp\/v2\/tags?post=330315"}],"curies":[{"name":"wp","href":"https:\/\/api.w.org\/{rel}","templated":true}]}}