{"id":330831,"date":"2026-08-08T10:34:25","date_gmt":"2026-08-08T10:34:25","guid":{"rendered":"https:\/\/www.europesays.com\/se\/330831\/"},"modified":"2026-08-08T10:34:25","modified_gmt":"2026-08-08T10:34:25","slug":"nu-far-sadie-sink-prata-spider-man-en-lattnad","status":"publish","type":"post","link":"https:\/\/www.europesays.com\/se\/330831\/","title":{"rendered":"Nu f\u00e5r Sadie Sink prata \u201dSpider-Man\u201d: \u201dEn l\u00e4ttnad\u201d"},"content":{"rendered":"<p>Sadie Sinks roll som Jean Grey i den nya Marvel-biosucc\u00e9n \u201dSpider-Man: Brand new day\u201d h\u00f6lls hemlig in i det sista.<\/p>\n<p>Nu f\u00e5r \u201dStranger things\u201d-stj\u00e4rnskottet till slut \u00f6ppna upp om upplevelsen i en intervju med Variety. Hon beskriver det som en l\u00e4ttnad.<\/p>\n<p>I flera \u00e5rs tid cirkulerade rykten om Sink som Jean Gray. Sj\u00e4lv hade hon aldrig sett \u201dX-men\u201d, s\u00e5 hon var inte bekant med karakt\u00e4ren n\u00e4r hon fick rollen, ber\u00e4ttar hon.<\/p>\n<p>Sink blev instruerad att spela \u201den antagonist som egentligen inte \u00e4r antagonisten\u201d, och gick in f\u00f6r det till fullo.<\/p>\n<p>\u2013 Jag tror inte hon \u00e4r n\u00e5gon som vill s\u00e5ra, men hon har blivit s\u00e5rad sj\u00e4lv, s\u00e5 det \u00e4r allt hon k\u00e4nner till. Att ge henne en bakgrundshistoria och motiv till hennes handlingar \u00e4r v\u00e4ldigt kraftfullt.<\/p>\n<p>L\u00e4s hela intervjun nedan.<\/p>\n<p>Under rubriken \u201dIntervjuer\u201d rekommenderar Omni-redaktionen under helgen n\u00e5gra intressanta intervjuer med personer fr\u00e5n flera vitt skilda branscher.<\/p>\n<p>Svepen \u00e4r en del av Omnis helgsatsning med rekommendationer p\u00e5 l\u00e4sv\u00e4rda, aktuella och intressanta recensioner och intervjuer som publiceras varje helg. <\/p>\n<p>Omni \u00e4r politiskt obundna och oberoende. Vi str\u00e4var efter att ge fler perspektiv p\u00e5 nyheterna. Har du fr\u00e5gor eller synpunkter kring v\u00e5r rapportering? <a href=\"https:\/\/omni.se\/nu-far-sadie-sink-prata-spider-man-en-lattnad\/a\/mailto:redaktion@omni.se\" class=\"ArticleActions-module-scss-module__w9u9BG__contactLink\" rel=\"nofollow noopener\" target=\"_blank\">Kontakta redaktionen<\/a><\/p>\n","protected":false},"excerpt":{"rendered":"Sadie Sinks roll som Jean Grey i den nya Marvel-biosucc\u00e9n \u201dSpider-Man: Brand new day\u201d h\u00f6lls hemlig in i&hellip;\n","protected":false},"author":2,"featured_media":330832,"comment_status":"","ping_status":"","sticky":false,"template":"","format":"standard","meta":{"footnotes":"","_share_on_mastodon":"0"},"categories":[67],"tags":[104,168,270,34,3864,12528,31,33,32,30,105],"class_list":["post-330831","post","type-post","status-publish","format-standard","has-post-thumbnail","category-underhallning","tag-entertainment","tag-film-tv","tag-helg","tag-se","tag-spiderman","tag-stranger-things-tv-serie","tag-svenska","tag-sverige","tag-sweden","tag-swedish","tag-underhallning"],"share_on_mastodon":{"url":"https:\/\/pubeurope.com\/@se\/117059444036907511","error":""},"_links":{"self":[{"href":"https:\/\/www.europesays.com\/se\/wp-json\/wp\/v2\/posts\/330831","targetHints":{"allow":["GET"]}}],"collection":[{"href":"https:\/\/www.europesays.com\/se\/wp-json\/wp\/v2\/posts"}],"about":[{"href":"https:\/\/www.europesays.com\/se\/wp-json\/wp\/v2\/types\/post"}],"author":[{"embeddable":true,"href":"https:\/\/www.europesays.com\/se\/wp-json\/wp\/v2\/users\/2"}],"replies":[{"embeddable":true,"href":"https:\/\/www.europesays.com\/se\/wp-json\/wp\/v2\/comments?post=330831"}],"version-history":[{"count":0,"href":"https:\/\/www.europesays.com\/se\/wp-json\/wp\/v2\/posts\/330831\/revisions"}],"wp:featuredmedia":[{"embeddable":true,"href":"https:\/\/www.europesays.com\/se\/wp-json\/wp\/v2\/media\/330832"}],"wp:attachment":[{"href":"https:\/\/www.europesays.com\/se\/wp-json\/wp\/v2\/media?parent=330831"}],"wp:term":[{"taxonomy":"category","embeddable":true,"href":"https:\/\/www.europesays.com\/se\/wp-json\/wp\/v2\/categories?post=330831"},{"taxonomy":"post_tag","embeddable":true,"href":"https:\/\/www.europesays.com\/se\/wp-json\/wp\/v2\/tags?post=330831"}],"curies":[{"name":"wp","href":"https:\/\/api.w.org\/{rel}","templated":true}]}}