{"id":330965,"date":"2026-08-08T12:47:19","date_gmt":"2026-08-08T12:47:19","guid":{"rendered":"https:\/\/www.europesays.com\/se\/330965\/"},"modified":"2026-08-08T12:47:19","modified_gmt":"2026-08-08T12:47:19","slug":"signaturdoft-for-bebisar-dras-tillbaka-efter-kritik","status":"publish","type":"post","link":"https:\/\/www.europesays.com\/se\/330965\/","title":{"rendered":"\u201dSignaturdoft\u201d f\u00f6r bebisar dras tillbaka efter kritik"},"content":{"rendered":"<p>Bebisparfymen kostade 615 kronor flaskan med l\u00f6ftet att den snabbt skulle \u201dbli babyns signaturdoft\u201d. Efter utbredd kritik i sociala medier drar f\u00f6retaget Rituals in produkten, rapporterar Aftonbladet.<\/p>\n<p>Rituals p\u00e5st\u00e5r nu att parfymen aldrig skulle ha lanserats p\u00e5 de nordiska marknaderna, varken i butik eller p\u00e5 n\u00e4tet. Butikerna har nu f\u00e5tt information om att inte st\u00e4lla ut parfymen.<\/p>\n<p>Omni \u00e4r politiskt obundna och oberoende. Vi str\u00e4var efter att ge fler perspektiv p\u00e5 nyheterna. Har du fr\u00e5gor eller synpunkter kring v\u00e5r rapportering? <a href=\"https:\/\/omni.se\/signaturdoft-for-bebisar-dras-tillbaka-efter-kritik\/a\/mailto:redaktion@omni.se\" class=\"ArticleActions-module-scss-module__w9u9BG__contactLink\" rel=\"nofollow noopener\" target=\"_blank\">Kontakta redaktionen<\/a><\/p>\n","protected":false},"excerpt":{"rendered":"Bebisparfymen kostade 615 kronor flaskan med l\u00f6ftet att den snabbt skulle \u201dbli babyns signaturdoft\u201d. Efter utbredd kritik i&hellip;\n","protected":false},"author":2,"featured_media":330966,"comment_status":"","ping_status":"","sticky":false,"template":"","format":"standard","meta":{"footnotes":"","_share_on_mastodon":"0"},"categories":[67],"tags":[223,104,951,34,31,33,32,30,105],"class_list":["post-330965","post","type-post","status-publish","format-standard","has-post-thumbnail","category-underhallning","tag-barn-unga","tag-entertainment","tag-handel-tjanster","tag-se","tag-svenska","tag-sverige","tag-sweden","tag-swedish","tag-underhallning"],"share_on_mastodon":{"url":"https:\/\/pubeurope.com\/@se\/117059967083079116","error":""},"_links":{"self":[{"href":"https:\/\/www.europesays.com\/se\/wp-json\/wp\/v2\/posts\/330965","targetHints":{"allow":["GET"]}}],"collection":[{"href":"https:\/\/www.europesays.com\/se\/wp-json\/wp\/v2\/posts"}],"about":[{"href":"https:\/\/www.europesays.com\/se\/wp-json\/wp\/v2\/types\/post"}],"author":[{"embeddable":true,"href":"https:\/\/www.europesays.com\/se\/wp-json\/wp\/v2\/users\/2"}],"replies":[{"embeddable":true,"href":"https:\/\/www.europesays.com\/se\/wp-json\/wp\/v2\/comments?post=330965"}],"version-history":[{"count":0,"href":"https:\/\/www.europesays.com\/se\/wp-json\/wp\/v2\/posts\/330965\/revisions"}],"wp:featuredmedia":[{"embeddable":true,"href":"https:\/\/www.europesays.com\/se\/wp-json\/wp\/v2\/media\/330966"}],"wp:attachment":[{"href":"https:\/\/www.europesays.com\/se\/wp-json\/wp\/v2\/media?parent=330965"}],"wp:term":[{"taxonomy":"category","embeddable":true,"href":"https:\/\/www.europesays.com\/se\/wp-json\/wp\/v2\/categories?post=330965"},{"taxonomy":"post_tag","embeddable":true,"href":"https:\/\/www.europesays.com\/se\/wp-json\/wp\/v2\/tags?post=330965"}],"curies":[{"name":"wp","href":"https:\/\/api.w.org\/{rel}","templated":true}]}}