{"id":331055,"date":"2026-08-08T14:47:32","date_gmt":"2026-08-08T14:47:32","guid":{"rendered":"https:\/\/www.europesays.com\/se\/331055\/"},"modified":"2026-08-08T14:47:32","modified_gmt":"2026-08-08T14:47:32","slug":"analyser-tydligt-att-detta-inte-utfordes-av-en-amator","status":"publish","type":"post","link":"https:\/\/www.europesays.com\/se\/331055\/","title":{"rendered":"Analyser: Tydligt att detta inte utf\u00f6rdes av en amat\u00f6r"},"content":{"rendered":"<p>Ryssland \u00e4r givetvis huvudmisst\u00e4nkt f\u00f6r dr\u00f6narincidenten vid Leipzigs flygplats, s\u00e4ger s\u00e4kerhetsexperten Nico Lange i Deutsche Welles s\u00e4ndning.<\/p>\n<p>F\u00f6rutom att h\u00e4ndelsen passar in i ett m\u00f6nster av Rysslands beteende i Europa uppges dr\u00f6naren ha burit p\u00e5 spr\u00e4ngdegen semtex. <\/p>\n<p>\u2013 Det h\u00e4r \u00e4r inget hobbyprojekt, det h\u00e4r \u00e4r ett milit\u00e4rt spr\u00e4ngmedel p\u00e5 en v\u00e4ldigt specialiserad dr\u00f6nare med extra batterier [&#8230;] Sofistikerat, v\u00e4ldigt allvarligt och extremt farligt, s\u00e4ger han.<\/p>\n<p>I The Guardian skriver s\u00e4kerhetsreporter Dan Sabbagh att semtex bara \u00e4r tillg\u00e4ngligt f\u00f6r milit\u00e4rer eller m\u00f6jligen vissa terrorgrupper, inte n\u00e5gra \u201dv\u00e5rdsl\u00f6sa amat\u00f6rdr\u00f6narpiloter som larvar sig\u201d. Ryssland har dessutom genomf\u00f6rt liknande hybridattacker f\u00f6rut.<\/p>\n<p>\u201dEn farlig eskalering f\u00f6r Europa\u201d, skriver han.<\/p>\n<p>I den tyska v\u00e4nstertidningen Taz tycker Tanja Tricarico att begreppet \u201dfr\u00e4mmande makt\u201d bara skapar en obehaglig mystik som leder till os\u00e4kerhet. S\u00e5 snart som m\u00f6jligt m\u00e5ste politikerna peka ut en ansvarig f\u00f6r\u00f6vare, tycker hon.<\/p>\n<p>Omni \u00e4r politiskt obundna och oberoende. Vi str\u00e4var efter att ge fler perspektiv p\u00e5 nyheterna. Har du fr\u00e5gor eller synpunkter kring v\u00e5r rapportering? <a href=\"https:\/\/omni.se\/analyser-tydligt-att-detta-inte-utfordes-av-en-amator\/a\/mailto:redaktion@omni.se\" class=\"ArticleActions-module-scss-module__w9u9BG__contactLink\" rel=\"nofollow noopener\" target=\"_blank\">Kontakta redaktionen<\/a><\/p>\n","protected":false},"excerpt":{"rendered":"Ryssland \u00e4r givetvis huvudmisst\u00e4nkt f\u00f6r dr\u00f6narincidenten vid Leipzigs flygplats, s\u00e4ger s\u00e4kerhetsexperten Nico Lange i Deutsche Welles s\u00e4ndning. F\u00f6rutom&hellip;\n","protected":false},"author":2,"featured_media":331056,"comment_status":"","ping_status":"","sticky":false,"template":"","format":"standard","meta":{"footnotes":"","_share_on_mastodon":"0"},"categories":[5],"tags":[1047,22,23,267,26,27,17,21,24,25,28,29,15,16,18,264,34,31,33,32,30,19,20,408],"class_list":["post-331055","post","type-post","status-publish","format-standard","has-post-thumbnail","category-rubriker","tag-analys","tag-breaking-news","tag-breakingnews","tag-europa","tag-featured-news","tag-featurednews","tag-headlines","tag-huvudnyheter","tag-latest-news","tag-latestnews","tag-main-news","tag-mainnews","tag-news","tag-nyheter","tag-rubriker","tag-ryssland","tag-se","tag-svenska","tag-sverige","tag-sweden","tag-swedish","tag-top-stories","tag-topstories","tag-tyskland"],"share_on_mastodon":{"url":"https:\/\/pubeurope.com\/@se\/117060438844895475","error":""},"_links":{"self":[{"href":"https:\/\/www.europesays.com\/se\/wp-json\/wp\/v2\/posts\/331055","targetHints":{"allow":["GET"]}}],"collection":[{"href":"https:\/\/www.europesays.com\/se\/wp-json\/wp\/v2\/posts"}],"about":[{"href":"https:\/\/www.europesays.com\/se\/wp-json\/wp\/v2\/types\/post"}],"author":[{"embeddable":true,"href":"https:\/\/www.europesays.com\/se\/wp-json\/wp\/v2\/users\/2"}],"replies":[{"embeddable":true,"href":"https:\/\/www.europesays.com\/se\/wp-json\/wp\/v2\/comments?post=331055"}],"version-history":[{"count":0,"href":"https:\/\/www.europesays.com\/se\/wp-json\/wp\/v2\/posts\/331055\/revisions"}],"wp:featuredmedia":[{"embeddable":true,"href":"https:\/\/www.europesays.com\/se\/wp-json\/wp\/v2\/media\/331056"}],"wp:attachment":[{"href":"https:\/\/www.europesays.com\/se\/wp-json\/wp\/v2\/media?parent=331055"}],"wp:term":[{"taxonomy":"category","embeddable":true,"href":"https:\/\/www.europesays.com\/se\/wp-json\/wp\/v2\/categories?post=331055"},{"taxonomy":"post_tag","embeddable":true,"href":"https:\/\/www.europesays.com\/se\/wp-json\/wp\/v2\/tags?post=331055"}],"curies":[{"name":"wp","href":"https:\/\/api.w.org\/{rel}","templated":true}]}}