{"id":332036,"date":"2026-08-09T12:37:09","date_gmt":"2026-08-09T12:37:09","guid":{"rendered":"https:\/\/www.europesays.com\/se\/332036\/"},"modified":"2026-08-09T12:37:09","modified_gmt":"2026-08-09T12:37:09","slug":"recension-sprakets-tyngd","status":"publish","type":"post","link":"https:\/\/www.europesays.com\/se\/332036\/","title":{"rendered":"Recension: Spr\u00e5kets tyngd"},"content":{"rendered":"<p>  <img alt=\"\" class=\"_image_1jxax_84 layout-component layout-wide\" data-fullscreen- data-track-element-type=\"Article image fullscreen\" data-track-name=\"ImageFullscreen\" fetchpriority=\"high\" decoding=\"sync\" loading=\"eager\" height=\"2480\" itemprop=\"image\"  src=\"https:\/\/www.europesays.com\/se\/wp-content\/uploads\/2026\/08\/8efaf6f4-2f34-3a4e-831d-17dfa1feaa90.jpeg\"  style=\"object-position:0% 0%\" width=\"3720\"\/><\/p>\n<p class=\"_textTheme_zldsx_1 _lead_16k26_2 _lead_3ue4t_18 layout-component layout-normal layout-padded _lead_o6m9k_5 _leadTheme_1q6sv_1 body-large bold\">Torsten Anderssons konstn\u00e4rliga integritet var orubblig. En utst\u00e4llning p\u00e5 Marabouparken p\u00e5minner om hans betydelse f\u00f6r svensk konsthistoria.<\/p>\n<p>           Spr\u00e5kets tyngd<\/p>\n<dl class=\"label-medium _detailsList_w1edp_15 _metaText_w1edp_1\">\n<p><dd class=\"label-medium _detailsListValue_w1edp_24 _metaText_w1edp_1\"> Utst\u00e4llning<\/dd>\n<\/p>\n<p><dt class=\"label-medium _detailsListKey_w1edp_15 _metaText_w1edp_1\">Var<\/dt>\n<dd class=\"label-medium _detailsListValue_w1edp_24 _metaText_w1edp_1\"> Marabouparken<\/dd>\n<\/p>\n<\/dl>\n<p class=\"label-medium _detailsAdditional_w1edp_48 _metaText_w1edp_1\">P\u00e5g\u00e5r t o m 4 oktober<\/p>\n<p class=\"_textTheme_zldsx_1 _paragraph_16k26_4 _paragraph_3ue4t_27 layout-component layout-normal layout-padded body-medium\">\u201dN\u00e4r jag m\u00e5lar dimma\u201d, s\u00e4ger Picasso, \u201dvill jag kunna sl\u00e5 in en spik i den.\u201d \u201dN\u00e4r jag s\u00e5g konst\u201d, skrev Torsten Andersson, \u201dville jag kunna sl\u00e5 in en spik i den. Spr\u00e5ket var en s\u00e5dan spik. All den konst jag sett och p\u00e5verkats av fanns i min sj\u00e4l som n\u00e5got dunkelt o\u00e5tkomligt. Spiken var ett s\u00e4tt att n\u00e5 in till detta o\u00e5tkomliga.\u201d<\/p>\n","protected":false},"excerpt":{"rendered":"Torsten Anderssons konstn\u00e4rliga integritet var orubblig. En utst\u00e4llning p\u00e5 Marabouparken p\u00e5minner om hans betydelse f\u00f6r svensk konsthistoria. Spr\u00e5kets&hellip;\n","protected":false},"author":2,"featured_media":332037,"comment_status":"","ping_status":"","sticky":false,"template":"","format":"standard","meta":{"footnotes":"","_share_on_mastodon":"0"},"categories":[67],"tags":[104,902,35910,34,21491,31,33,32,30,105],"class_list":["post-332036","post","type-post","status-publish","format-standard","has-post-thumbnail","category-underhallning","tag-entertainment","tag-konst","tag-marabouparken","tag-se","tag-svd-berattande-kultur","tag-svenska","tag-sverige","tag-sweden","tag-swedish","tag-underhallning"],"share_on_mastodon":{"url":"https:\/\/pubeurope.com\/@se\/117065590616709337","error":""},"_links":{"self":[{"href":"https:\/\/www.europesays.com\/se\/wp-json\/wp\/v2\/posts\/332036","targetHints":{"allow":["GET"]}}],"collection":[{"href":"https:\/\/www.europesays.com\/se\/wp-json\/wp\/v2\/posts"}],"about":[{"href":"https:\/\/www.europesays.com\/se\/wp-json\/wp\/v2\/types\/post"}],"author":[{"embeddable":true,"href":"https:\/\/www.europesays.com\/se\/wp-json\/wp\/v2\/users\/2"}],"replies":[{"embeddable":true,"href":"https:\/\/www.europesays.com\/se\/wp-json\/wp\/v2\/comments?post=332036"}],"version-history":[{"count":0,"href":"https:\/\/www.europesays.com\/se\/wp-json\/wp\/v2\/posts\/332036\/revisions"}],"wp:featuredmedia":[{"embeddable":true,"href":"https:\/\/www.europesays.com\/se\/wp-json\/wp\/v2\/media\/332037"}],"wp:attachment":[{"href":"https:\/\/www.europesays.com\/se\/wp-json\/wp\/v2\/media?parent=332036"}],"wp:term":[{"taxonomy":"category","embeddable":true,"href":"https:\/\/www.europesays.com\/se\/wp-json\/wp\/v2\/categories?post=332036"},{"taxonomy":"post_tag","embeddable":true,"href":"https:\/\/www.europesays.com\/se\/wp-json\/wp\/v2\/tags?post=332036"}],"curies":[{"name":"wp","href":"https:\/\/api.w.org\/{rel}","templated":true}]}}