{"id":332164,"date":"2026-08-09T14:51:11","date_gmt":"2026-08-09T14:51:11","guid":{"rendered":"https:\/\/www.europesays.com\/se\/332164\/"},"modified":"2026-08-09T14:51:11","modified_gmt":"2026-08-09T14:51:11","slug":"kushnerharvan-engagerar-en-generation-unga-albaner","status":"publish","type":"post","link":"https:\/\/www.europesays.com\/se\/332164\/","title":{"rendered":"Kushnerh\u00e4rvan engagerar en generation unga albaner"},"content":{"rendered":"<p>Den s\u00e5 kallade flamingorevolutionen har gett en ny politisk identitet \u00e5t en generation unga albaner som tidigare var politiskt ointresserad, s\u00e4ger advokaten Dorian Matlija till SVT Nyheter.<\/p>\n<p>Protesterna har p\u00e5g\u00e5tt i tv\u00e5 m\u00e5nader. Upprinnelsen \u00e4r Trumps sv\u00e4rson Jared Kushners planerade bygge av en lyxresort i staden Zvernec.<\/p>\n<p>H\u00e4rvan \u2013 d\u00e4r ocks\u00e5 en misst\u00e4nkt maffiakopplad gangster \u00e4r inblandad \u2013 har v\u00e4ckt stor ilska bland unga. En av dem \u00e4r 30-\u00e5riga Alina Kokalari, som bor i Frankrike men \u00e5kt hem f\u00f6r att delta i protesterna.<\/p>\n<p>Hon blev f\u00f6rst medveten om skandalen genom klipp i sociala medier.<\/p>\n<p>\u2013 Det jag s\u00e5g chockerade mig. Att vi behandlar v\u00e5rt eget folk som att de inte \u00e4r v\u00e4rda n\u00e5got, s\u00e4ger hon.<\/p>\n<p>Omni \u00e4r politiskt obundna och oberoende. Vi str\u00e4var efter att ge fler perspektiv p\u00e5 nyheterna. Har du fr\u00e5gor eller synpunkter kring v\u00e5r rapportering? <a href=\"https:\/\/omni.se\/kushnerharvan-engagerar-albaniens-unga-politiskt\/a\/mailto:redaktion@omni.se\" class=\"ArticleActions-module-scss-module__w9u9BG__contactLink\" rel=\"nofollow noopener\" target=\"_blank\">Kontakta redaktionen<\/a><\/p>\n","protected":false},"excerpt":{"rendered":"Den s\u00e5 kallade flamingorevolutionen har gett en ny politisk identitet \u00e5t en generation unga albaner som tidigare var&hellip;\n","protected":false},"author":2,"featured_media":332165,"comment_status":"","ping_status":"","sticky":false,"template":"","format":"standard","meta":{"footnotes":"","_share_on_mastodon":"0"},"categories":[14],"tags":[22172,22,23,267,26,27,17,21,10798,24,25,28,29,15,16,18,34,31,33,32,30,19,20,51,52,53,54],"class_list":["post-332164","post","type-post","status-publish","format-standard","has-post-thumbnail","category-varlden","tag-albanien","tag-breaking-news","tag-breakingnews","tag-europa","tag-featured-news","tag-featurednews","tag-headlines","tag-huvudnyheter","tag-jared-kushner","tag-latest-news","tag-latestnews","tag-main-news","tag-mainnews","tag-news","tag-nyheter","tag-rubriker","tag-se","tag-svenska","tag-sverige","tag-sweden","tag-swedish","tag-top-stories","tag-topstories","tag-varlden","tag-world","tag-world-news","tag-worldnews"],"share_on_mastodon":{"url":"https:\/\/pubeurope.com\/@se\/117066116989736837","error":""},"_links":{"self":[{"href":"https:\/\/www.europesays.com\/se\/wp-json\/wp\/v2\/posts\/332164","targetHints":{"allow":["GET"]}}],"collection":[{"href":"https:\/\/www.europesays.com\/se\/wp-json\/wp\/v2\/posts"}],"about":[{"href":"https:\/\/www.europesays.com\/se\/wp-json\/wp\/v2\/types\/post"}],"author":[{"embeddable":true,"href":"https:\/\/www.europesays.com\/se\/wp-json\/wp\/v2\/users\/2"}],"replies":[{"embeddable":true,"href":"https:\/\/www.europesays.com\/se\/wp-json\/wp\/v2\/comments?post=332164"}],"version-history":[{"count":0,"href":"https:\/\/www.europesays.com\/se\/wp-json\/wp\/v2\/posts\/332164\/revisions"}],"wp:featuredmedia":[{"embeddable":true,"href":"https:\/\/www.europesays.com\/se\/wp-json\/wp\/v2\/media\/332165"}],"wp:attachment":[{"href":"https:\/\/www.europesays.com\/se\/wp-json\/wp\/v2\/media?parent=332164"}],"wp:term":[{"taxonomy":"category","embeddable":true,"href":"https:\/\/www.europesays.com\/se\/wp-json\/wp\/v2\/categories?post=332164"},{"taxonomy":"post_tag","embeddable":true,"href":"https:\/\/www.europesays.com\/se\/wp-json\/wp\/v2\/tags?post=332164"}],"curies":[{"name":"wp","href":"https:\/\/api.w.org\/{rel}","templated":true}]}}