{"id":33220,"date":"2025-09-18T09:09:08","date_gmt":"2025-09-18T09:09:08","guid":{"rendered":"https:\/\/www.europesays.com\/se\/33220\/"},"modified":"2025-09-18T09:09:08","modified_gmt":"2025-09-18T09:09:08","slug":"forsvarsmakten-lamnar-remissvar-pa-underrattelseutredningen","status":"publish","type":"post","link":"https:\/\/www.europesays.com\/se\/33220\/","title":{"rendered":"F\u00f6rsvarsmakten l\u00e4mnar remissvar p\u00e5 Underr\u00e4ttelseutredningen"},"content":{"rendered":"<p>        &#13;<\/p>\n<p>                    <img   alt=\"underr\u00e4ttelseutredningen\"\/><\/p>\n<p>        &#13;<br \/>\n            &#13;<br \/>\n            &#13;<br \/>\n                <img class=\"image\" data-lazy- data-media-viewer-image=\"https:\/\/www.forsvarsmakten.se\/ImageVault\/publishedmedia\/ae4uejauqcmo61ptqrhy\/utredningen.jpg 480w, https:\/\/www.forsvarsmakten.se\/ImageVault\/publishedmedia\/prlz27ecztkyn7f8tiky\/utredningen.jpg 1024w, https:\/\/www.forsvarsmakten.se\/ImageVault\/publishedmedia\/s8p5x4gsfajgyfz3rss7\/utredningen.jpg 1440w, https:\/\/www.forsvarsmakten.se\/ImageVault\/publishedmedia\/c8m0wett48qg2wq9nf44\/utredningen.jpg 1920w\"  alt=\"underr\u00e4ttelseutredningen\"\/>&#13;<br \/>\n            &#13;<br \/>\n            &#13;<\/p>\n<p>&#13;<br \/>\n                    &#13;<br \/>\n                        Regeringens utredare har presenterat flera olika f\u00f6rslag som man anser skulle f\u00f6rb\u00e4ttra den svenska underr\u00e4ttelsetj\u00e4nsten. &#13;<br \/>\n                    &#13;<br \/>\n                    &#13;<br \/>\n                        Foto: F\u00f6rsvarsmakten&#13;<br \/>\n                    &#13;\n                <\/p>\n<p>&#13;<br \/>\n            &#13;<\/p>\n<p>            &#13;<\/p>\n<p>F\u00f6rsvarsmakten \u00e4r positiva till flera f\u00f6rslag i utredningen, bland annat f\u00f6rslaget att utarbeta en nationell underr\u00e4ttelsestrategi, vidareutveckla myndighetssamverkan kring personalfr\u00e5gor samt att utveckla en gemensam utbildningsplattform.<\/p>\n<p>Remissvaret pekar \u00e4ven ut ett antal risker som beh\u00f6ver beaktas bland f\u00f6rslagen. Bland annat skulle f\u00f6rm\u00e5gor som eventuellt \u00f6verf\u00f6rs fr\u00e5n F\u00f6rsvarsmakten till en ny civil myndighet beh\u00f6va \u00e5teruppbyggas inom F\u00f6rsvarsmakten f\u00f6r att tillgodose myndighetens underr\u00e4ttelsebehov.<\/p>\n<p>Under h\u00f6sten kommer regeringen att se \u00f6ver F\u00f6rsvarsmaktens och \u00f6vriga remissinstansers svar och fatta beslut om hur de v\u00e4ljer att g\u00e5 vidare.<\/p>\n<p><a title=\"remissvar\" href=\"https:\/\/www.forsvarsmakten.se\/siteassets\/2-om-forsvarsmakten\/dokument\/remisser\/nya-remisser\/bilaga-1-fm-remissvar-over-en-reformerad-underrattelseverksamhet.pdf\" rel=\"nofollow noopener\" target=\"_blank\">Remissvar<\/a><\/p>\n<p><a href=\"https:\/\/www.regeringen.se\/rattsliga-dokument\/statens-offentliga-utredningar\/2025\/06\/sou-202578\/\" rel=\"nofollow noopener\" target=\"_blank\">Bet\u00e4nkande: En reformerad underr\u00e4ttelseverksamhet.<\/a><\/p>\n","protected":false},"excerpt":{"rendered":"&#13; &#13; &#13; &#13; &#13; &#13; &#13; &#13; &#13; Regeringens utredare har presenterat flera olika f\u00f6rslag som man&hellip;\n","protected":false},"author":2,"featured_media":33221,"comment_status":"","ping_status":"","sticky":false,"template":"","format":"standard","meta":{"footnotes":""},"categories":[12],"tags":[22,23,26,27,17,3594,21,24,25,28,29,3595,15,16,3596,18,34,31,33,32,30,19,20,3597],"class_list":{"0":"post-33220","1":"post","2":"type-post","3":"status-publish","4":"format-standard","5":"has-post-thumbnail","7":"category-sverige","8":"tag-breaking-news","9":"tag-breakingnews","10":"tag-featured-news","11":"tag-featurednews","12":"tag-headlines","13":"tag-hogkvarteret","14":"tag-huvudnyheter","15":"tag-latest-news","16":"tag-latestnews","17":"tag-main-news","18":"tag-mainnews","19":"tag-must","20":"tag-news","21":"tag-nyheter","22":"tag-riksdag-och-regering","23":"tag-rubriker","24":"tag-se","25":"tag-svenska","26":"tag-sverige","27":"tag-sweden","28":"tag-swedish","29":"tag-top-stories","30":"tag-topstories","31":"tag-undsak"},"share_on_mastodon":{"url":"","error":""},"_links":{"self":[{"href":"https:\/\/www.europesays.com\/se\/wp-json\/wp\/v2\/posts\/33220","targetHints":{"allow":["GET"]}}],"collection":[{"href":"https:\/\/www.europesays.com\/se\/wp-json\/wp\/v2\/posts"}],"about":[{"href":"https:\/\/www.europesays.com\/se\/wp-json\/wp\/v2\/types\/post"}],"author":[{"embeddable":true,"href":"https:\/\/www.europesays.com\/se\/wp-json\/wp\/v2\/users\/2"}],"replies":[{"embeddable":true,"href":"https:\/\/www.europesays.com\/se\/wp-json\/wp\/v2\/comments?post=33220"}],"version-history":[{"count":0,"href":"https:\/\/www.europesays.com\/se\/wp-json\/wp\/v2\/posts\/33220\/revisions"}],"wp:featuredmedia":[{"embeddable":true,"href":"https:\/\/www.europesays.com\/se\/wp-json\/wp\/v2\/media\/33221"}],"wp:attachment":[{"href":"https:\/\/www.europesays.com\/se\/wp-json\/wp\/v2\/media?parent=33220"}],"wp:term":[{"taxonomy":"category","embeddable":true,"href":"https:\/\/www.europesays.com\/se\/wp-json\/wp\/v2\/categories?post=33220"},{"taxonomy":"post_tag","embeddable":true,"href":"https:\/\/www.europesays.com\/se\/wp-json\/wp\/v2\/tags?post=33220"}],"curies":[{"name":"wp","href":"https:\/\/api.w.org\/{rel}","templated":true}]}}