{"id":332392,"date":"2026-08-09T19:01:24","date_gmt":"2026-08-09T19:01:24","guid":{"rendered":"https:\/\/www.europesays.com\/se\/332392\/"},"modified":"2026-08-09T19:01:24","modified_gmt":"2026-08-09T19:01:24","slug":"netanyahu-trotsar-trump-ligger-illa-till","status":"publish","type":"post","link":"https:\/\/www.europesays.com\/se\/332392\/","title":{"rendered":"Netanyahu trotsar Trump: \u201dLigger illa till\u201d"},"content":{"rendered":"<p>  <a class=\"_link_1lr5y_108\" href=\"https:\/\/aftonbladet.se\/av\/emil-forsberg\" title=\"Emil Forsberg\" rel=\"nofollow noopener\" target=\"_blank\"><img alt=\"Bild av Emil Forsberg\" class=\"_image_1lr5y_85\" fetchpriority=\"low\" decoding=\"async\" itemprop=\"image\" loading=\"lazy\"  src=\"https:\/\/www.europesays.com\/se\/wp-content\/uploads\/2026\/08\/1786302083_906_602ef119-32a3-4a6a-b86e-0ebfdb56a147.png\"  width=\"480\"\/><\/a> <img alt=\"Israels premi\u00e4rmnister Benjamin Netanyahu.\" class=\"_image_1jxax_84 layout-component layout-wide\" data-fullscreen- data-track-element-type=\"Article image fullscreen\" data-track-name=\"ImageFullscreen\" fetchpriority=\"high\" decoding=\"sync\" loading=\"eager\" height=\"2309\" itemprop=\"image\"  src=\"https:\/\/www.europesays.com\/se\/wp-content\/uploads\/2026\/08\/4c431ac5-a96e-3630-9c88-5aae85b3cb8d.jpeg\"  style=\"object-position:0% 0%\" width=\"3463\"\/>Israels premi\u00e4rmnister Benjamin Netanyahu.  Foto: Ronen Zvulun  \/AP\/TTVisa mer<\/p>\n<p class=\"_textTheme_16ipd_1 _lead_16k26_2 _lead_3ue4t_18 layout-component layout-normal layout-padded _lead_o6m9k_5 _leadTheme_cypwp_1 body-large bold\">Israel t\u00e4nker inte dra sig tillbaka fr\u00e5n Gaza, enligt Benjamin Netanyahu.<\/p>\n<p class=\"_textTheme_16ipd_1 _lead_16k26_2 _lead_3ue4t_18 layout-component layout-normal layout-padded _lead_o6m9k_5 _leadTheme_cypwp_1 body-large bold\">F\u00f6rst m\u00e5ste Hamas l\u00e4mna \u00f6ver sina vapen.<\/p>\n<p class=\"_textTheme_16ipd_1 _lead_16k26_2 _lead_3ue4t_18 layout-component layout-normal layout-padded _lead_o6m9k_5 _leadTheme_cypwp_1 body-large bold\">\u2013 Det betyder alla vapen, s\u00e4ger Israels premi\u00e4rminister.<\/p>\n<p class=\"_textTheme_16ipd_1 _paragraph_16k26_4 _paragraph_3ue4t_27 layout-component layout-normal layout-padded body-medium\">Israel nobbar Donald Trumps 15 punkter l\u00e5nga fredsplan f\u00f6r Gaza.<\/p>\n<p class=\"_textTheme_16ipd_1 _paragraph_16k26_4 _paragraph_3ue4t_27 layout-component layout-normal layout-padded body-medium\">D\u00e4r ingick b\u00e5de eldupph\u00f6r, demilitarisering av Gazaremsan och stegvis tillbakadragande av israeliska styrkor.<\/p>\n<p class=\"_textTheme_16ipd_1 _paragraph_16k26_4 _paragraph_3ue4t_27 layout-component layout-normal layout-padded body-medium\">De strandade f\u00f6rhandlingarna bottnar fr\u00e4mst i vem som ska g\u00f6ra vad f\u00f6rst. Om Hamas ska l\u00e4gga ner vapnen eller om Israel ska dra sig tillbaka.<\/p>\n<p class=\"_textTheme_16ipd_1 _paragraph_16k26_4 _paragraph_3ue4t_27 layout-component layout-normal layout-padded body-medium\">\u2013 IDF kommer inte att genomf\u00f6ra n\u00e5got tillbakadragande f\u00f6rr\u00e4n Hamas \u00e4r avv\u00e4pnat. Och n\u00e4r jag s\u00e4ger avv\u00e4pning av Hamas, betyder det tunga vapen, mindre tunga vapen, alla vapen. Och vi talar om verklig nedrustning, ingen l\u00e5tsasnedrustning, s\u00e4ger Benjamin Netanyahu.<\/p>\n<p class=\"_textTheme_16ipd_1 _paragraph_16k26_4 _paragraph_3ue4t_27 layout-component layout-normal layout-padded body-medium\">Mellan\u00f6sternexperten Alexander Atarodi \u00e4r inte f\u00f6rv\u00e5nad.<\/p>\n<p class=\"_textTheme_16ipd_1 _paragraph_16k26_4 _paragraph_3ue4t_27 layout-component layout-normal layout-padded body-medium\">\u2013 Det var ganska uppenbart. Det l\u00e5g inte i Netanyahus intresse att dra sig tillbaka. Hela \u201dBibis\u201d resa till Vita huset var lite grann av det taktiska spelet f\u00f6r att flytta fokus fr\u00e5n Irankriget d\u00e4r det nu \u00e4r ett d\u00f6dl\u00e4ge, s\u00e4ger han.<\/p>\n<p> <img alt=\"Att Nethanyahu trotsar Trump och fredsr\u00e5det just nu menar Melan\u00f6sternexperten Alexander Atarodi inte \u00e4r n\u00e5gon slump.\" class=\"_image_1jxax_84 layout-component layout-normal\" data-fullscreen- data-track-element-type=\"Article image fullscreen\" data-track-name=\"ImageFullscreen\" decoding=\"async\" loading=\"lazy\" height=\"1492\" itemprop=\"image\"  src=\"https:\/\/www.europesays.com\/se\/wp-content\/uploads\/2026\/08\/d194720b-00b2-348b-a1b9-c104fbd3f212.jpeg\"  style=\"object-position:0% 0%\" width=\"2238\"\/>Att Nethanyahu trotsar Trump och fredsr\u00e5det just nu menar Melan\u00f6sternexperten Alexander Atarodi inte \u00e4r n\u00e5gon slump. Foto: Julia Demaree Nikhinson  \/AP\/TTVisa mer <\/p>\n<p class=\"_textTheme_16ipd_1 _paragraph_16k26_4 _paragraph_3ue4t_27 layout-component layout-normal layout-padded body-medium\">Enligt den israeliska premi\u00e4rministern har beslutet diskuterats med amerikanska tj\u00e4nstem\u00e4n.<\/p>\n<p class=\"_textTheme_16ipd_1 _paragraph_16k26_4 _paragraph_3ue4t_27 layout-component layout-normal layout-padded body-medium\">\u2013 De har id\u00e9er, vissa av dem \u00e4r acceptabla f\u00f6r oss och vissa \u00e4r inte acceptabla f\u00f6r oss. Vi vet hur vi ska st\u00e5 fast vid v\u00e5ra \u00e5sikter i dessa fr\u00e5gor, s\u00e4ger Netanyahu.<\/p>\n<p class=\"_textTheme_16ipd_1 _paragraph_16k26_4 _paragraph_3ue4t_27 layout-component layout-normal layout-padded body-medium\">Och d\u00e4r \u00e4r den israeliska premi\u00e4rministern tydlig:<\/p>\n<p class=\"_textTheme_16ipd_1 _paragraph_16k26_4 _paragraph_3ue4t_27 layout-component layout-normal layout-padded body-medium\">\u2013 S\u00e5 l\u00e4nge jag \u00e4r premi\u00e4rminister kommer ingen palestinsk stat att uppr\u00e4ttas \u2013 varken i Gaza eller i Judeen och SamarienDet bibliska namn den israeliska regeringen anv\u00e4nder f\u00f6r V\u00e4stbanken..<\/p>\n<p class=\"_textTheme_16ipd_1 _paragraph_16k26_4 _paragraph_3ue4t_27 layout-component layout-normal layout-padded body-medium\">Att Netanyahu v\u00e4ljer att trotsa Donald Trump och fredsr\u00e5det just nu \u00e4r ingen slump, menar Atarodi.<\/p>\n<p class=\"_textTheme_16ipd_1 _paragraph_16k26_4 _paragraph_3ue4t_27 layout-component layout-normal layout-padded body-medium\">\u2013 Det \u00e4r klart det \u00e4r en f\u00f6rlust f\u00f6r Trump. Netanyahu vet att Trump ligger illa till i opinionen i USA. Samtidigt inser Israel att hela regionen \u00e4r p\u00e5 v\u00e4g att f\u00f6r\u00e4ndras med pakter mellan Saudiarabien, Pakistan och Egypten, s\u00e4ger han och forts\u00e4tter:<\/p>\n<p class=\"_textTheme_16ipd_1 _paragraph_16k26_4 _paragraph_3ue4t_27 layout-component layout-normal layout-padded body-medium\">\u2013 Israel ser det som ett tecken p\u00e5 att USA:s inflytande i regionen f\u00f6rsvagas och att man m\u00e5ste positionera sig. Netanyahu har kniven mot strupen nu s\u00e5 det ligger inte i hans intresse att vara lojal mot Trump.<\/p>\n","protected":false},"excerpt":{"rendered":"Israels premi\u00e4rmnister Benjamin Netanyahu. Foto: Ronen Zvulun \/AP\/TTVisa mer Israel t\u00e4nker inte dra sig tillbaka fr\u00e5n Gaza, enligt&hellip;\n","protected":false},"author":2,"featured_media":332393,"comment_status":"","ping_status":"","sticky":false,"template":"","format":"standard","meta":{"footnotes":"","_share_on_mastodon":"0"},"categories":[5],"tags":[1044,22,23,385,26,27,17,21,24,25,28,29,15,16,18,34,31,33,32,30,19,20],"class_list":["post-332392","post","type-post","status-publish","format-standard","has-post-thumbnail","category-rubriker","tag-benjamin-netanyahu","tag-breaking-news","tag-breakingnews","tag-donald-trump","tag-featured-news","tag-featurednews","tag-headlines","tag-huvudnyheter","tag-latest-news","tag-latestnews","tag-main-news","tag-mainnews","tag-news","tag-nyheter","tag-rubriker","tag-se","tag-svenska","tag-sverige","tag-sweden","tag-swedish","tag-top-stories","tag-topstories"],"share_on_mastodon":{"url":"https:\/\/pubeurope.com\/@se\/117067100538868527","error":""},"_links":{"self":[{"href":"https:\/\/www.europesays.com\/se\/wp-json\/wp\/v2\/posts\/332392","targetHints":{"allow":["GET"]}}],"collection":[{"href":"https:\/\/www.europesays.com\/se\/wp-json\/wp\/v2\/posts"}],"about":[{"href":"https:\/\/www.europesays.com\/se\/wp-json\/wp\/v2\/types\/post"}],"author":[{"embeddable":true,"href":"https:\/\/www.europesays.com\/se\/wp-json\/wp\/v2\/users\/2"}],"replies":[{"embeddable":true,"href":"https:\/\/www.europesays.com\/se\/wp-json\/wp\/v2\/comments?post=332392"}],"version-history":[{"count":0,"href":"https:\/\/www.europesays.com\/se\/wp-json\/wp\/v2\/posts\/332392\/revisions"}],"wp:featuredmedia":[{"embeddable":true,"href":"https:\/\/www.europesays.com\/se\/wp-json\/wp\/v2\/media\/332393"}],"wp:attachment":[{"href":"https:\/\/www.europesays.com\/se\/wp-json\/wp\/v2\/media?parent=332392"}],"wp:term":[{"taxonomy":"category","embeddable":true,"href":"https:\/\/www.europesays.com\/se\/wp-json\/wp\/v2\/categories?post=332392"},{"taxonomy":"post_tag","embeddable":true,"href":"https:\/\/www.europesays.com\/se\/wp-json\/wp\/v2\/tags?post=332392"}],"curies":[{"name":"wp","href":"https:\/\/api.w.org\/{rel}","templated":true}]}}