{"id":332400,"date":"2026-08-09T19:17:31","date_gmt":"2026-08-09T19:17:31","guid":{"rendered":"https:\/\/www.europesays.com\/se\/332400\/"},"modified":"2026-08-09T19:17:31","modified_gmt":"2026-08-09T19:17:31","slug":"netanyahu-nobbar-trumps-plan-for-gaza","status":"publish","type":"post","link":"https:\/\/www.europesays.com\/se\/332400\/","title":{"rendered":"Netanyahu nobbar Trumps plan f\u00f6r Gaza"},"content":{"rendered":"<p>Israels premi\u00e4rminister Benjamin Netanyahu \u00e4r inte ett lika stort fan av planen f\u00f6r en israelisk retr\u00e4tt ur Gaza som Donald Trump \u00e4r, rapporterar flera medier. <\/p>\n<p>Planen har tagits fram i den amerikanske presidentens s\u00e5 kallade fredsr\u00e5d och best\u00e5r av 15 punkter.<\/p>\n<p>\u2013 Israel avvisar dokumentet med 15 punkter. IDF kommer inte att genomf\u00f6ra n\u00e5got tillbakadragande f\u00f6rr\u00e4n Hamas verkligen har avv\u00e4pnats och kommer att forts\u00e4tta att avv\u00e4rja hot mot v\u00e5ra styrkor och v\u00e5ra medborgare, s\u00e4ger Netanyahu vid ett regeringsm\u00f6te.<\/p>\n<p>Omni \u00e4r politiskt obundna och oberoende. Vi str\u00e4var efter att ge fler perspektiv p\u00e5 nyheterna. Har du fr\u00e5gor eller synpunkter kring v\u00e5r rapportering? <a href=\"https:\/\/omni.se\/netanyahu-nobbar-trumps-plan-for-gaza\/a\/mailto:redaktion@omni.se\" class=\"ArticleActions-module-scss-module__w9u9BG__contactLink\" rel=\"nofollow noopener\" target=\"_blank\">Kontakta redaktionen<\/a><\/p>\n","protected":false},"excerpt":{"rendered":"Israels premi\u00e4rminister Benjamin Netanyahu \u00e4r inte ett lika stort fan av planen f\u00f6r en israelisk retr\u00e4tt ur Gaza&hellip;\n","protected":false},"author":2,"featured_media":332401,"comment_status":"","ping_status":"","sticky":false,"template":"","format":"standard","meta":{"footnotes":"","_share_on_mastodon":"0"},"categories":[5],"tags":[1044,22,23,385,26,27,121,122,17,21,4066,342,24,25,28,29,124,125,15,16,18,34,31,33,32,30,19,20],"class_list":["post-332400","post","type-post","status-publish","format-standard","has-post-thumbnail","category-rubriker","tag-benjamin-netanyahu","tag-breaking-news","tag-breakingnews","tag-donald-trump","tag-featured-news","tag-featurednews","tag-gaza","tag-hamas","tag-headlines","tag-huvudnyheter","tag-idf-the-israel-defence-forces","tag-israel","tag-latest-news","tag-latestnews","tag-main-news","tag-mainnews","tag-mellanostern","tag-mellanosternkrisen","tag-news","tag-nyheter","tag-rubriker","tag-se","tag-svenska","tag-sverige","tag-sweden","tag-swedish","tag-top-stories","tag-topstories"],"share_on_mastodon":{"url":"https:\/\/pubeurope.com\/@se\/117067163052658294","error":""},"_links":{"self":[{"href":"https:\/\/www.europesays.com\/se\/wp-json\/wp\/v2\/posts\/332400","targetHints":{"allow":["GET"]}}],"collection":[{"href":"https:\/\/www.europesays.com\/se\/wp-json\/wp\/v2\/posts"}],"about":[{"href":"https:\/\/www.europesays.com\/se\/wp-json\/wp\/v2\/types\/post"}],"author":[{"embeddable":true,"href":"https:\/\/www.europesays.com\/se\/wp-json\/wp\/v2\/users\/2"}],"replies":[{"embeddable":true,"href":"https:\/\/www.europesays.com\/se\/wp-json\/wp\/v2\/comments?post=332400"}],"version-history":[{"count":0,"href":"https:\/\/www.europesays.com\/se\/wp-json\/wp\/v2\/posts\/332400\/revisions"}],"wp:featuredmedia":[{"embeddable":true,"href":"https:\/\/www.europesays.com\/se\/wp-json\/wp\/v2\/media\/332401"}],"wp:attachment":[{"href":"https:\/\/www.europesays.com\/se\/wp-json\/wp\/v2\/media?parent=332400"}],"wp:term":[{"taxonomy":"category","embeddable":true,"href":"https:\/\/www.europesays.com\/se\/wp-json\/wp\/v2\/categories?post=332400"},{"taxonomy":"post_tag","embeddable":true,"href":"https:\/\/www.europesays.com\/se\/wp-json\/wp\/v2\/tags?post=332400"}],"curies":[{"name":"wp","href":"https:\/\/api.w.org\/{rel}","templated":true}]}}