{"id":332882,"date":"2026-08-10T07:57:13","date_gmt":"2026-08-10T07:57:13","guid":{"rendered":"https:\/\/www.europesays.com\/se\/332882\/"},"modified":"2026-08-10T07:57:13","modified_gmt":"2026-08-10T07:57:13","slug":"historisk-tour-de-france-seger-for-nederlandskan","status":"publish","type":"post","link":"https:\/\/www.europesays.com\/se\/332882\/","title":{"rendered":"Historisk Tour de France-seger f\u00f6r nederl\u00e4ndskan"},"content":{"rendered":"<p>Nederl\u00e4ndskan Demi Vollering vann Tour de France p\u00e5 damsidan och blev d\u00e4rmed den f\u00f6rsta kvinnan att vinna t\u00e4vlingen tv\u00e5 g\u00e5nger.<\/p>\n<p>Vollering tog hem titeln framf\u00f6r polskan Katarzyna Niewiadoma-Phinney och italienskan Elisa Longo Borghini.<\/p>\n<p>Segern \u00f6verskuggades delvis av en konflikt d\u00e4r Niewiadoma-Phinney anklagade Vollerings stallkamrat C\u00e9lia Gery f\u00f6r att ha f\u00f6rs\u00f6kt blockera henne under l\u00f6rdagens etapp.<\/p>\n<p>Efter segern sa Vollering att hon ville vinna f\u00f6r att visa att stallet f\u00f6rtj\u00e4nade segern, enligt BBC.<\/p>\n<p>Omni \u00e4r politiskt obundna och oberoende. Vi str\u00e4var efter att ge fler perspektiv p\u00e5 nyheterna. Har du fr\u00e5gor eller synpunkter kring v\u00e5r rapportering? <a href=\"https:\/\/omni.se\/historisk-tour-de-france-seger-for-nederlandskan\/a\/mailto:redaktion@omni.se\" class=\"ArticleActions-module-scss-module__w9u9BG__contactLink\" rel=\"nofollow noopener\" target=\"_blank\">Kontakta redaktionen<\/a><\/p>\n","protected":false},"excerpt":{"rendered":"Nederl\u00e4ndskan Demi Vollering vann Tour de France p\u00e5 damsidan och blev d\u00e4rmed den f\u00f6rsta kvinnan att vinna t\u00e4vlingen&hellip;\n","protected":false},"author":2,"featured_media":332883,"comment_status":"","ping_status":"","sticky":false,"template":"","format":"standard","meta":{"footnotes":"","_share_on_mastodon":"0"},"categories":[68],"tags":[11231,34,111,110,31,33,32,30,28113],"class_list":["post-332882","post","type-post","status-publish","format-standard","has-post-thumbnail","category-sport","tag-cykel","tag-se","tag-sport","tag-sports","tag-svenska","tag-sverige","tag-sweden","tag-swedish","tag-tour-de-france"],"share_on_mastodon":{"url":"","error":""},"_links":{"self":[{"href":"https:\/\/www.europesays.com\/se\/wp-json\/wp\/v2\/posts\/332882","targetHints":{"allow":["GET"]}}],"collection":[{"href":"https:\/\/www.europesays.com\/se\/wp-json\/wp\/v2\/posts"}],"about":[{"href":"https:\/\/www.europesays.com\/se\/wp-json\/wp\/v2\/types\/post"}],"author":[{"embeddable":true,"href":"https:\/\/www.europesays.com\/se\/wp-json\/wp\/v2\/users\/2"}],"replies":[{"embeddable":true,"href":"https:\/\/www.europesays.com\/se\/wp-json\/wp\/v2\/comments?post=332882"}],"version-history":[{"count":0,"href":"https:\/\/www.europesays.com\/se\/wp-json\/wp\/v2\/posts\/332882\/revisions"}],"wp:featuredmedia":[{"embeddable":true,"href":"https:\/\/www.europesays.com\/se\/wp-json\/wp\/v2\/media\/332883"}],"wp:attachment":[{"href":"https:\/\/www.europesays.com\/se\/wp-json\/wp\/v2\/media?parent=332882"}],"wp:term":[{"taxonomy":"category","embeddable":true,"href":"https:\/\/www.europesays.com\/se\/wp-json\/wp\/v2\/categories?post=332882"},{"taxonomy":"post_tag","embeddable":true,"href":"https:\/\/www.europesays.com\/se\/wp-json\/wp\/v2\/tags?post=332882"}],"curies":[{"name":"wp","href":"https:\/\/api.w.org\/{rel}","templated":true}]}}