{"id":332900,"date":"2026-08-10T08:13:10","date_gmt":"2026-08-10T08:13:10","guid":{"rendered":"https:\/\/www.europesays.com\/se\/332900\/"},"modified":"2026-08-10T08:13:10","modified_gmt":"2026-08-10T08:13:10","slug":"nationell-samordnare-ska-bekampa-idrottsbrott","status":"publish","type":"post","link":"https:\/\/www.europesays.com\/se\/332900\/","title":{"rendered":"Nationell samordnare ska bek\u00e4mpa idrottsbrott"},"content":{"rendered":"<p>Regeringen tills\u00e4tter en nationell samordnare mot brottslighet och allvarliga st\u00f6rningar kopplade till idrotten. Det meddelar justitieminister Gunnar Str\u00f6mmer (M) och socialminister Jakob Forssmed (KD) p\u00e5 en presstr\u00e4ff.<\/p>\n<p>\u2013 Det kan handla om penningtv\u00e4tt, matchfixning eller problem i agentbranschen, s\u00e4ger Forssmed.<\/p>\n<p>Den som f\u00e5r uppdraget \u00e4r juristen Martin Holmgren, som tidigare varit generaldirekt\u00f6r f\u00f6r Kriminalv\u00e5rden. Syftet med uppdraget \u00e4r att f\u00f6rb\u00e4ttra samordningen mellan ber\u00f6rda myndigheter och akt\u00f6rer. <\/p>\n<p>Holmgren tilltr\u00e4der 1 oktober i \u00e5r. Uppdraget ska redovisas till regeringen senast den 30 november 2027.<\/p>\n<p>Omni \u00e4r politiskt obundna och oberoende. Vi str\u00e4var efter att ge fler perspektiv p\u00e5 nyheterna. Har du fr\u00e5gor eller synpunkter kring v\u00e5r rapportering? <a href=\"https:\/\/omni.se\/nationell-samordnare-ska-bekampa-idrottsbrott\/a\/mailto:redaktion@omni.se\" class=\"ArticleActions-module-scss-module__w9u9BG__contactLink\" rel=\"nofollow noopener\" target=\"_blank\">Kontakta redaktionen<\/a><\/p>\n","protected":false},"excerpt":{"rendered":"Regeringen tills\u00e4tter en nationell samordnare mot brottslighet och allvarliga st\u00f6rningar kopplade till idrotten. Det meddelar justitieminister Gunnar Str\u00f6mmer&hellip;\n","protected":false},"author":2,"featured_media":332901,"comment_status":"","ping_status":"","sticky":false,"template":"","format":"standard","meta":{"footnotes":"","_share_on_mastodon":"0"},"categories":[68],"tags":[223,2613,1131,1558,1107,36134,551,369,34,111,110,31,33,32,30],"class_list":["post-332900","post","type-post","status-publish","format-standard","has-post-thumbnail","category-sport","tag-barn-unga","tag-gunnar-strommer","tag-jakob-forssmed","tag-kriminalpolitik","tag-kristdemokraterna","tag-martin-holmgren","tag-moderaterna","tag-politik","tag-se","tag-sport","tag-sports","tag-svenska","tag-sverige","tag-sweden","tag-swedish"],"share_on_mastodon":{"url":"https:\/\/pubeurope.com\/@se\/117070214370097679","error":""},"_links":{"self":[{"href":"https:\/\/www.europesays.com\/se\/wp-json\/wp\/v2\/posts\/332900","targetHints":{"allow":["GET"]}}],"collection":[{"href":"https:\/\/www.europesays.com\/se\/wp-json\/wp\/v2\/posts"}],"about":[{"href":"https:\/\/www.europesays.com\/se\/wp-json\/wp\/v2\/types\/post"}],"author":[{"embeddable":true,"href":"https:\/\/www.europesays.com\/se\/wp-json\/wp\/v2\/users\/2"}],"replies":[{"embeddable":true,"href":"https:\/\/www.europesays.com\/se\/wp-json\/wp\/v2\/comments?post=332900"}],"version-history":[{"count":0,"href":"https:\/\/www.europesays.com\/se\/wp-json\/wp\/v2\/posts\/332900\/revisions"}],"wp:featuredmedia":[{"embeddable":true,"href":"https:\/\/www.europesays.com\/se\/wp-json\/wp\/v2\/media\/332901"}],"wp:attachment":[{"href":"https:\/\/www.europesays.com\/se\/wp-json\/wp\/v2\/media?parent=332900"}],"wp:term":[{"taxonomy":"category","embeddable":true,"href":"https:\/\/www.europesays.com\/se\/wp-json\/wp\/v2\/categories?post=332900"},{"taxonomy":"post_tag","embeddable":true,"href":"https:\/\/www.europesays.com\/se\/wp-json\/wp\/v2\/tags?post=332900"}],"curies":[{"name":"wp","href":"https:\/\/api.w.org\/{rel}","templated":true}]}}