{"id":33321,"date":"2025-09-18T11:10:21","date_gmt":"2025-09-18T11:10:21","guid":{"rendered":"https:\/\/www.europesays.com\/se\/33321\/"},"modified":"2025-09-18T11:10:21","modified_gmt":"2025-09-18T11:10:21","slug":"fortsatta-budgetmiljarder-for-att-korta-vardkoer","status":"publish","type":"post","link":"https:\/\/www.europesays.com\/se\/33321\/","title":{"rendered":"Fortsatta budgetmiljarder f\u00f6r att korta v\u00e5rdk\u00f6er"},"content":{"rendered":"<p>Publicerad 18 sep 2025 kl 08.32Uppdaterad kl 08.43<\/p>\n<p>Regeringen satsar totalt 3,5 miljarder kronor p\u00e5 ett v\u00e5rdpaket i n\u00e4sta \u00e5rs budget. D\u00e4r ing\u00e5r ytterligare 1,8 miljarder f\u00f6r att korta v\u00e5rdk\u00f6erna.<\/p>\n<p>Morgonkoll: Asien lyfter efter Fed-besked \u2013 Billerud ska spara<\/p>\n<p><a href=\"https:\/\/www.expressen.se\/tagg\/organization\/regeringen\/\" class=\"\" rel=\"nofollow noopener\" target=\"_blank\">Regeringen<\/a> presenterar i dag olika satsningar i h\u00e4lso- och sjukv\u00e5rden. Ett prioriterat omr\u00e5de \u00e4r att f\u00e5 ner v\u00e5rdk\u00f6erna, eftersom m\u00e5nga patienter v\u00e4ntar olagligt l\u00e4nge p\u00e5 att f\u00e5 v\u00e5rd.<\/p>\n<p>F\u00f6r att v\u00e4xla upp arbetet skjuter regeringen d\u00e4rf\u00f6r till ytterligare 1 miljard kronor till regionerna, kopplat till nya prestationskrav. Dessutom tills\u00e4tts en nationell samordnare f\u00f6r att s\u00e4kerst\u00e4lla att regionernas arbete sker effektivt och samordnat.<\/p>\n<p>Som ett s\u00e4tt att korta k\u00f6erna har regeringen under 2025 avsatt 1 miljard kronor f\u00f6r att \u00f6ka antalet operationer av gr\u00e5 starr, h\u00f6ftproteser och framfall. Den insatsen f\u00f6rl\u00e4ngs nu i ytterligare tv\u00e5 \u00e5r och f\u00f6r 2026 avs\u00e4tts ytterligare 750 miljoner kronor .<\/p>\n","protected":false},"excerpt":{"rendered":"Publicerad 18 sep 2025 kl 08.32Uppdaterad kl 08.43 Regeringen satsar totalt 3,5 miljarder kronor p\u00e5 ett v\u00e5rdpaket i&hellip;\n","protected":false},"author":2,"featured_media":319,"comment_status":"","ping_status":"","sticky":false,"template":"","format":"standard","meta":{"footnotes":""},"categories":[12],"tags":[22,23,26,27,17,21,24,25,28,29,15,16,43,18,34,583,31,33,32,30,19,20],"class_list":{"0":"post-33321","1":"post","2":"type-post","3":"status-publish","4":"format-standard","5":"has-post-thumbnail","7":"category-sverige","8":"tag-breaking-news","9":"tag-breakingnews","10":"tag-featured-news","11":"tag-featurednews","12":"tag-headlines","13":"tag-huvudnyheter","14":"tag-latest-news","15":"tag-latestnews","16":"tag-main-news","17":"tag-mainnews","18":"tag-news","19":"tag-nyheter","20":"tag-organization-regeringen","21":"tag-rubriker","22":"tag-se","23":"tag-sections-politik","24":"tag-svenska","25":"tag-sverige","26":"tag-sweden","27":"tag-swedish","28":"tag-top-stories","29":"tag-topstories"},"share_on_mastodon":{"url":"","error":""},"_links":{"self":[{"href":"https:\/\/www.europesays.com\/se\/wp-json\/wp\/v2\/posts\/33321","targetHints":{"allow":["GET"]}}],"collection":[{"href":"https:\/\/www.europesays.com\/se\/wp-json\/wp\/v2\/posts"}],"about":[{"href":"https:\/\/www.europesays.com\/se\/wp-json\/wp\/v2\/types\/post"}],"author":[{"embeddable":true,"href":"https:\/\/www.europesays.com\/se\/wp-json\/wp\/v2\/users\/2"}],"replies":[{"embeddable":true,"href":"https:\/\/www.europesays.com\/se\/wp-json\/wp\/v2\/comments?post=33321"}],"version-history":[{"count":0,"href":"https:\/\/www.europesays.com\/se\/wp-json\/wp\/v2\/posts\/33321\/revisions"}],"wp:featuredmedia":[{"embeddable":true,"href":"https:\/\/www.europesays.com\/se\/wp-json\/wp\/v2\/media\/319"}],"wp:attachment":[{"href":"https:\/\/www.europesays.com\/se\/wp-json\/wp\/v2\/media?parent=33321"}],"wp:term":[{"taxonomy":"category","embeddable":true,"href":"https:\/\/www.europesays.com\/se\/wp-json\/wp\/v2\/categories?post=33321"},{"taxonomy":"post_tag","embeddable":true,"href":"https:\/\/www.europesays.com\/se\/wp-json\/wp\/v2\/tags?post=33321"}],"curies":[{"name":"wp","href":"https:\/\/api.w.org\/{rel}","templated":true}]}}