{"id":333524,"date":"2026-08-10T16:49:19","date_gmt":"2026-08-10T16:49:19","guid":{"rendered":"https:\/\/www.europesays.com\/se\/333524\/"},"modified":"2026-08-10T16:49:19","modified_gmt":"2026-08-10T16:49:19","slug":"jared-kushner-indragen-i-gangsterharva-i-albanien","status":"publish","type":"post","link":"https:\/\/www.europesays.com\/se\/333524\/","title":{"rendered":"Jared Kushner indragen i gangsterh\u00e4rva i Albanien"},"content":{"rendered":"<p>Den amerikanska aff\u00e4rsmannen Jared Kushners planerade lyxresort i den albanska staden Zvernec har utvecklats till en soppa av en gangster, ett knytn\u00e4vsslag och en protestv\u00e5g, skriver Wall Street Journal.<\/p>\n<p>Inv\u00e5nare i den lilla kuststaden blev chockade n\u00e4r de h\u00e4rom\u00e5ret n\u00e5ddes av beskedet att Trumps sv\u00e4rson k\u00f6pt marken. De hade d\u00e5 i n\u00e4stan tv\u00e5 decennier varit i en juridisk strid om omr\u00e5det med Artur Shehu, en misst\u00e4nkt gangster som tros ha kopplingar till den italienska maffian. De p\u00e5st\u00e5r att Shehu genom f\u00f6rfalskade dokument olovligen tagit \u00f6ver marken och att den egentligen tillh\u00f6r lokalsamh\u00e4llet.<\/p>\n<p>\u00c4nd\u00e5 betalade Kushners f\u00f6retag Shehu \u00f6ver en miljard kronor f\u00f6r halv\u00f6n. Tv\u00e5 m\u00e5nader senare efterlystes den Miamibaserade Shehu av albanska \u00e5klagare, med anklagelser om att han har en nyckelroll i en global knarkliga.<\/p>\n<p>Protesterna har p\u00e5g\u00e5tt i Albanien i m\u00e5nader. De intensifierades n\u00e4r ett videoklipp visade hur f\u00f6retagets ordningsvakt slog en lokalinv\u00e5nare och drog honom \u00f6ver stranden, skriver WSJ.<\/p>\n<p>Omni \u00e4r politiskt obundna och oberoende. Vi str\u00e4var efter att ge fler perspektiv p\u00e5 nyheterna. Har du fr\u00e5gor eller synpunkter kring v\u00e5r rapportering? <a href=\"https:\/\/omni.se\/jared-kushner-indragen-i-gangsterharva-i-albanien\/a\/mailto:redaktion@omni.se\" class=\"ArticleActions-module-scss-module__w9u9BG__contactLink\" rel=\"nofollow noopener\" target=\"_blank\">Kontakta redaktionen<\/a><\/p>\n","protected":false},"excerpt":{"rendered":"Den amerikanska aff\u00e4rsmannen Jared Kushners planerade lyxresort i den albanska staden Zvernec har utvecklats till en soppa av&hellip;\n","protected":false},"author":2,"featured_media":333525,"comment_status":"","ping_status":"","sticky":false,"template":"","format":"standard","meta":{"footnotes":"","_share_on_mastodon":"0"},"categories":[14],"tags":[22172,22,23,267,26,27,17,21,10798,24,25,28,29,15,16,18,34,31,33,32,30,19,20,51,52,53,54],"class_list":["post-333524","post","type-post","status-publish","format-standard","has-post-thumbnail","category-varlden","tag-albanien","tag-breaking-news","tag-breakingnews","tag-europa","tag-featured-news","tag-featurednews","tag-headlines","tag-huvudnyheter","tag-jared-kushner","tag-latest-news","tag-latestnews","tag-main-news","tag-mainnews","tag-news","tag-nyheter","tag-rubriker","tag-se","tag-svenska","tag-sverige","tag-sweden","tag-swedish","tag-top-stories","tag-topstories","tag-varlden","tag-world","tag-world-news","tag-worldnews"],"share_on_mastodon":{"url":"https:\/\/pubeurope.com\/@se\/117072243173244665","error":""},"_links":{"self":[{"href":"https:\/\/www.europesays.com\/se\/wp-json\/wp\/v2\/posts\/333524","targetHints":{"allow":["GET"]}}],"collection":[{"href":"https:\/\/www.europesays.com\/se\/wp-json\/wp\/v2\/posts"}],"about":[{"href":"https:\/\/www.europesays.com\/se\/wp-json\/wp\/v2\/types\/post"}],"author":[{"embeddable":true,"href":"https:\/\/www.europesays.com\/se\/wp-json\/wp\/v2\/users\/2"}],"replies":[{"embeddable":true,"href":"https:\/\/www.europesays.com\/se\/wp-json\/wp\/v2\/comments?post=333524"}],"version-history":[{"count":0,"href":"https:\/\/www.europesays.com\/se\/wp-json\/wp\/v2\/posts\/333524\/revisions"}],"wp:featuredmedia":[{"embeddable":true,"href":"https:\/\/www.europesays.com\/se\/wp-json\/wp\/v2\/media\/333525"}],"wp:attachment":[{"href":"https:\/\/www.europesays.com\/se\/wp-json\/wp\/v2\/media?parent=333524"}],"wp:term":[{"taxonomy":"category","embeddable":true,"href":"https:\/\/www.europesays.com\/se\/wp-json\/wp\/v2\/categories?post=333524"},{"taxonomy":"post_tag","embeddable":true,"href":"https:\/\/www.europesays.com\/se\/wp-json\/wp\/v2\/tags?post=333524"}],"curies":[{"name":"wp","href":"https:\/\/api.w.org\/{rel}","templated":true}]}}