{"id":334446,"date":"2026-08-11T11:18:13","date_gmt":"2026-08-11T11:18:13","guid":{"rendered":"https:\/\/www.europesays.com\/se\/334446\/"},"modified":"2026-08-11T11:18:13","modified_gmt":"2026-08-11T11:18:13","slug":"dagfjarilar-pa-flykt-nar-klimatet-forandras","status":"publish","type":"post","link":"https:\/\/www.europesays.com\/se\/334446\/","title":{"rendered":"Dagfj\u00e4rilar p\u00e5 flykt n\u00e4r klimatet f\u00f6r\u00e4ndras"},"content":{"rendered":"<p>Klimatf\u00f6r\u00e4ndringar och extremv\u00e4der leder till att nio av tio fj\u00e4rilar tvingas flytta f\u00f6r att \u00f6verleva. Det visar den hittills st\u00f6rsta globala studien av dagfj\u00e4rilar.<\/p>\n<p class=\"wp-block-paragraph\">Ett internationellt forskarlag har studerat f\u00f6r\u00e4ndringar hos \u00f6ver 1700 fj\u00e4rilsarter fr\u00e5n 105 l\u00e4nder. Resultatet visar att <br \/>nio av tio arter som ingick i studien har f\u00f6r\u00e4ndrat sina utbredningsomr\u00e5den.<\/p>\n<p class=\"wp-block-paragraph\">\u2013 Det h\u00e4r \u00e4r den st\u00f6rsta studien n\u00e5gonsin av fj\u00e4rilars utbredning. Dagfj\u00e4rilar \u00e4r en av de insektsgrupper vi k\u00e4nner b\u00e4st till och de fungerar d\u00e4rf\u00f6r som indikatorer f\u00f6r vad som \u00e4ven h\u00e4nder i m\u00e5nga andra delar av naturen, s\u00e4ger Nils Ryrholm, <a class=\"glossaryLink\" aria-describedby=\"tt\" data-cmtooltip=\"&lt;div class=glossaryItemBody&gt; Professor \u00e4r den h\u00f6gsta titeln p\u00e5 universitet eller h\u00f6gskola. Professorn forskar, undervisar och handleder doktorander.&lt;br\/&gt;I  ...&lt;\/div&gt;&lt;div class=glossaryTooltipMoreLinkWrapper&gt;&lt;a class=glossaryTooltipMoreLink href=https:\/\/forskning.se\/ordlista\/professor\/ &gt;L\u00e4s mer&lt;\/a&gt;&lt;\/div&gt;\" href=\"https:\/\/forskning.se\/ordlista\/professor\/\" data-mobile-support=\"0\" data-gt-translate-attributes=\"[{\" attribute=\"\" tabindex=\"0\" role=\"link\" rel=\"nofollow noopener\" target=\"_blank\">professor<\/a> i biologi vid H\u00f6gskolan i G\u00e4vle, i ett pressmeddelande.<\/p>\n<p>M\u00e5nga flyttar norrut<\/p>\n<p class=\"wp-block-paragraph\">I takt med att klimatet blir varmare etablerar sig vissa arter l\u00e4ngre norrut eller p\u00e5 h\u00f6gre h\u00f6jder. Samtidigt krymper livsmilj\u00f6erna f\u00f6r andra arter.<\/p>\n<p class=\"wp-block-paragraph\">\u2013 I Sverige ser vi nu arter vid polcirkeln som tidigare bara fanns betydligt l\u00e4ngre s\u00f6derut. Samtidigt f\u00f6rsvinner arter fr\u00e5n s\u00f6dra Italien, Spanien och Portugal p\u00e5 grund av br\u00e4nder, torka och \u00f6kenspridning. F\u00f6r arter som \u00e4r anpassade till nordliga livsmilj\u00f6er och bergsomr\u00e5den blir situationen sv\u00e5r n\u00e4r dessa habitat f\u00f6r\u00e4ndras. N\u00e4r det blir varmare \u00e4ven d\u00e4r har de ingenstans att d\u00e4r de kan leva bland annat p\u00e5 grund av att fj\u00e4rilslarverna inte l\u00e4ngre har n\u00e5got som de kan \u00e4ta, s\u00e4ger Nils Ryrholm.<\/p>\n<p class=\"wp-block-paragraph\">Forskarna betonar att klimatf\u00f6r\u00e4ndringarna inte \u00e4r den enda orsaken. F\u00f6r\u00e4ndrad markanv\u00e4ndning, avskogning, bek\u00e4mpningsmedel och kv\u00e4venedfall samverkar och g\u00f6r m\u00e5nga arter mer s\u00e5rbara.<\/p>\n<p class=\"wp-block-paragraph\">\u2013 Vi m\u00e4nniskor anv\u00e4nder allt st\u00f6rre delar av planetens resurser, inklusive landskapet samtidigt som klimatet f\u00f6r\u00e4ndras. M\u00e5nga arter f\u00f6rlorar sina livsmilj\u00f6er samtidigt som de f\u00e5r sv\u00e5rare att sprida sig till nya omr\u00e5den, s\u00e4ger Nils Ryrholm.<\/p>\n<p>Fj\u00e4rilar visar f\u00f6r\u00e4ndringar i naturen<\/p>\n<p class=\"wp-block-paragraph\">Forskarna ser fj\u00e4rilar som ett tidigt varningssystem f\u00f6r st\u00f6rre f\u00f6r\u00e4ndringar i ekosystemen.<\/p>\n<p class=\"wp-block-paragraph\">\u2013 Vi vet att andra insekter f\u00f6ljer motsvarande m\u00f6nster som fj\u00e4rilarna, men vi har inte <a class=\"glossaryLink\" aria-describedby=\"tt\" data-cmtooltip=\"&lt;div class=glossaryItemBody&gt; Information som samlas in och analyseras i forskning \u2013 till exempel texter, siffror, bilder eller intervjusvar.&lt;br\/&gt;Data \u00e4r  ...&lt;\/div&gt;&lt;div class=glossaryTooltipMoreLinkWrapper&gt;&lt;a class=glossaryTooltipMoreLink href=https:\/\/forskning.se\/ordlista\/data\/ &gt;L\u00e4s mer&lt;\/a&gt;&lt;\/div&gt;\" href=\"https:\/\/forskning.se\/ordlista\/data\/\" data-mobile-support=\"0\" data-gt-translate-attributes=\"[{\" attribute=\"\" tabindex=\"0\" role=\"link\" rel=\"nofollow noopener\" target=\"_blank\">data<\/a> och kunskap nog f\u00f6r att studera dem p\u00e5 samma s\u00e4tt som dagfj\u00e4rilar, s\u00e4ger Nils Ryrholm.<\/p>\n<p class=\"wp-block-paragraph\">Studien visar ocks\u00e5 att extrema v\u00e4derh\u00e4ndelser kan f\u00e5 stora konsekvenser p\u00e5 mycket kort tid.<\/p>\n<p class=\"wp-block-paragraph\">\u2013 Torr\u00e5ret 2018 ledde till att ett par fj\u00e4rilsarter dog ut i Sverige. Det \u00e4r inte bara de l\u00e5ngsiktiga klimatf\u00f6r\u00e4ndringarna som p\u00e5verkar den biologiska m\u00e5ngfalden. En enda extrem sommar kan f\u00e5 mycket stora konsekvenser, s\u00e4ger Nils Ryrholm.<\/p>\n<p class=\"wp-block-paragraph\">Forskarna har sammanst\u00e4llt vetenskapliga studier p\u00e5 15 spr\u00e5k. Fortfarande finns dock stora kunskapsluckor,  s\u00e4rskilt i tropiska omr\u00e5den d\u00e4r en stor del av v\u00e4rldens insektsarter lever.<\/p>\n<p>\t\t\t\t\t<img decoding=\"async\" src=\"https:\/\/www.europesays.com\/se\/wp-content\/uploads\/2026\/08\/Fjaril-blomma-300x169.jpg\"   alt=\"Svart fjaril med vita fl\u00e4ckar p\u00e5 en rosa blomma.\"\/><br \/>\n\t\t\t\t\t\t\t\t\t\t\tFj\u00e4rilsarten Araschnia levana finns bland annat i Sverige. Bild: Depositphotos<\/p>\n<p>\t\t\t\tS\u00e5 gjordes studien<\/p>\n<p>Studien omfattar 6 182 dokumenterade f\u00f6r\u00e4ndringar i dagfj\u00e4rilars utbredning hos 1 758 arter fr\u00e5n 105 l\u00e4nder. Studien omfattar ungef\u00e4r en tiondel av jordens arter av dagfj\u00e4rilar. Materialet bygger p\u00e5 565 vetenskapliga studier, forskning p\u00e5 15 spr\u00e5k och expertbed\u00f6mningar fr\u00e5n 68 fj\u00e4rilsforskare.<\/p>\n<p>Det \u00e4r den hittills mest omfattande globala kartl\u00e4ggningen av hur klimatf\u00f6r\u00e4ndringar p\u00e5verkar fj\u00e4rilars utbredning.<\/p>\n<p>Vetenskaplig artikel: <\/p>\n<p class=\"wp-block-paragraph\"><a href=\"https:\/\/doi.org\/10.1038\/s41559-026-03117-y\" rel=\"nofollow noopener\" target=\"_blank\">Extensive climate-induced range shifts in butterflies across the globe<\/a>, \u00a0Nature Ecology &amp; Evolution.<\/p>\n","protected":false},"excerpt":{"rendered":"Klimatf\u00f6r\u00e4ndringar och extremv\u00e4der leder till att nio av tio fj\u00e4rilar tvingas flytta f\u00f6r att \u00f6verleva. Det visar den&hellip;\n","protected":false},"author":2,"featured_media":334447,"comment_status":"","ping_status":"","sticky":false,"template":"","format":"standard","meta":{"footnotes":"","_share_on_mastodon":"0"},"categories":[12],"tags":[22,23,26,27,17,21,24,25,28,29,15,505,16,18,34,31,33,32,30,19,20],"class_list":["post-334446","post","type-post","status-publish","format-standard","has-post-thumbnail","category-sverige","tag-breaking-news","tag-breakingnews","tag-featured-news","tag-featurednews","tag-headlines","tag-huvudnyheter","tag-latest-news","tag-latestnews","tag-main-news","tag-mainnews","tag-news","tag-nyhet","tag-nyheter","tag-rubriker","tag-se","tag-svenska","tag-sverige","tag-sweden","tag-swedish","tag-top-stories","tag-topstories"],"share_on_mastodon":{"url":"https:\/\/pubeurope.com\/@se\/117076604704713459","error":""},"_links":{"self":[{"href":"https:\/\/www.europesays.com\/se\/wp-json\/wp\/v2\/posts\/334446","targetHints":{"allow":["GET"]}}],"collection":[{"href":"https:\/\/www.europesays.com\/se\/wp-json\/wp\/v2\/posts"}],"about":[{"href":"https:\/\/www.europesays.com\/se\/wp-json\/wp\/v2\/types\/post"}],"author":[{"embeddable":true,"href":"https:\/\/www.europesays.com\/se\/wp-json\/wp\/v2\/users\/2"}],"replies":[{"embeddable":true,"href":"https:\/\/www.europesays.com\/se\/wp-json\/wp\/v2\/comments?post=334446"}],"version-history":[{"count":0,"href":"https:\/\/www.europesays.com\/se\/wp-json\/wp\/v2\/posts\/334446\/revisions"}],"wp:featuredmedia":[{"embeddable":true,"href":"https:\/\/www.europesays.com\/se\/wp-json\/wp\/v2\/media\/334447"}],"wp:attachment":[{"href":"https:\/\/www.europesays.com\/se\/wp-json\/wp\/v2\/media?parent=334446"}],"wp:term":[{"taxonomy":"category","embeddable":true,"href":"https:\/\/www.europesays.com\/se\/wp-json\/wp\/v2\/categories?post=334446"},{"taxonomy":"post_tag","embeddable":true,"href":"https:\/\/www.europesays.com\/se\/wp-json\/wp\/v2\/tags?post=334446"}],"curies":[{"name":"wp","href":"https:\/\/api.w.org\/{rel}","templated":true}]}}