{"id":334612,"date":"2026-08-11T13:38:20","date_gmt":"2026-08-11T13:38:20","guid":{"rendered":"https:\/\/www.europesays.com\/se\/334612\/"},"modified":"2026-08-11T13:38:20","modified_gmt":"2026-08-11T13:38:20","slug":"nio-tips-for-hojdalskare-och-operasugna-svenska-dagbladet","status":"publish","type":"post","link":"https:\/\/www.europesays.com\/se\/334612\/","title":{"rendered":"Nio tips f\u00f6r h\u00f6jd\u00e4lskare och operasugna &#8211; Svenska Dagbladet"},"content":{"rendered":"<ol>\n<li><a href=\"https:\/\/news.google.com\/rss\/articles\/CBMihgFBVV95cUxORnVPY2Q5QWdURHpSRk8wM0xrUEZLOFNOTHUtVWxZazZOQWlsd2o3Y2hzWnpfVGRGeENlVWNDWGhNbTNqNi1UTGhaYVB1dGxsNGZSc2F3RUFEWXVDckl4OHJRbWZfbkszWUx2UVZyZ0pFcUZrb2Q4c21SYzZPY0poQm1MUlVRUQ?oc=5\" target=\"_blank\" rel=\"nofollow noopener\">Nio tips f\u00f6r h\u00f6jd\u00e4lskare och operasugna<\/a>&nbsp;&nbsp;Svenska Dagbladet<\/li>\n<li><a href=\"https:\/\/news.google.com\/rss\/articles\/CBMiiwFBVV95cUxObk80cFZtelhJNk5QSVhreEpWVjRiZjkzbFY5dTBnOE5sYUlZc2U1UEZqNkFWMXg5QUl0Vk5FSTg4OWs5TXhHV2R5WHd6QU8zM285VUFZUUthQkxRTXAwMGJURGIwWW5KSnZyd2hVRFl2YWI4S19vSWpnYmtyb09rYTN2RDZYdEV4bEJZ?oc=5\" target=\"_blank\" rel=\"nofollow noopener\">Guide: Kulturfestivalen i Stockholm 2026<\/a>&nbsp;&nbsp;SVT Nyheter<\/li>\n<li><a href=\"https:\/\/news.google.com\/rss\/articles\/CBMipAFBVV95cUxNQ0FtNUtOUjBTRHRfSGhlVFVZSHk2QXhHN2JtQ0pkaFI2RG5kcmhGbHhtMWdINXZVbkJFZFBHZlltZDE3bnJCVng1Y0I4bTZ6ajViRG1wVDY4V0xXekpVTWljbTNreWk3b0lPbk9sNzdTZVUtaTdYTVZkZm5lck82MzdUSzRvYWF1LVRPaXhlZ1p4emd1dnpHeVNQNk9jZ08wVGRPUQ?oc=5\" target=\"_blank\" rel=\"nofollow noopener\">I morgon b\u00f6rjar Kulturfestivalen \u2013 h\u00e4r \u00e4r programmet<\/a>&nbsp;&nbsp;Mitt i<\/li>\n<li><a href=\"https:\/\/news.google.com\/rss\/articles\/CBMilAFBVV95cUxPQ2NQRlQ1Y20wY1hobnBQM2RYUzJlX1EyYWl4R2NVcjQxZENFX0c1dk81WERIWTN2WXpmNDJwQ05aTTFiMm9na3FpNEdrbjBpLU5xOUR5cDdvbW9zZ2hMRVFrejVQc0NtaElhQ3Byc01kWjdOeEFJMzBVZVd0VlAzNHFiczlqMWY4dXlhLUxXRWVqRENG?oc=5\" target=\"_blank\" rel=\"nofollow noopener\">4 festivaler att bes\u00f6ka i Stockholm i augusti \u2013 som \u00e4r helt gratis<\/a>&nbsp;&nbsp;Time Out Worldwide<\/li>\n<li><a href=\"https:\/\/news.google.com\/rss\/articles\/CBMiqAFBVV95cUxPcEJEY1dpY0p6bWtIeVVXMzlTZU1FcHVMMVI3VnE1aURtNDBkaEQwTC1sTGNtdG0yZGhud3VGMXJodnl3azRpWlFfTkRTS09tYnRZejlURFI3ODdQVjRiVG0tUEhSS1VFYllFZlZwdGI3NUpTLTVUWHBrUFV5TXVheGxmVmp6VHBoRjRjVlprTHJ3MnpNZ1NOMG5CY0d4d3VZV1NqcWNHa2g?oc=5\" target=\"_blank\" rel=\"nofollow noopener\">En vecka kvar till Kulturfestivalen<\/a>&nbsp;&nbsp;Via TT<\/li>\n<\/ol>\n","protected":false},"excerpt":{"rendered":"Nio tips f\u00f6r h\u00f6jd\u00e4lskare och operasugna&nbsp;&nbsp;Svenska Dagbladet Guide: Kulturfestivalen i Stockholm 2026&nbsp;&nbsp;SVT Nyheter I morgon b\u00f6rjar Kulturfestivalen \u2013&hellip;\n","protected":false},"author":2,"featured_media":334613,"comment_status":"","ping_status":"","sticky":false,"template":"","format":"standard","meta":{"footnotes":"","_share_on_mastodon":"0"},"categories":[67],"tags":[904,104,172,12166,34,258,21491,31,33,32,30,105],"class_list":["post-334612","post","type-post","status-publish","format-standard","has-post-thumbnail","category-underhallning","tag-dans","tag-entertainment","tag-musik","tag-scenkonst","tag-se","tag-stockholm","tag-svd-berattande-kultur","tag-svenska","tag-sverige","tag-sweden","tag-swedish","tag-underhallning"],"share_on_mastodon":{"url":"https:\/\/pubeurope.com\/@se\/117077154410954681","error":""},"_links":{"self":[{"href":"https:\/\/www.europesays.com\/se\/wp-json\/wp\/v2\/posts\/334612","targetHints":{"allow":["GET"]}}],"collection":[{"href":"https:\/\/www.europesays.com\/se\/wp-json\/wp\/v2\/posts"}],"about":[{"href":"https:\/\/www.europesays.com\/se\/wp-json\/wp\/v2\/types\/post"}],"author":[{"embeddable":true,"href":"https:\/\/www.europesays.com\/se\/wp-json\/wp\/v2\/users\/2"}],"replies":[{"embeddable":true,"href":"https:\/\/www.europesays.com\/se\/wp-json\/wp\/v2\/comments?post=334612"}],"version-history":[{"count":0,"href":"https:\/\/www.europesays.com\/se\/wp-json\/wp\/v2\/posts\/334612\/revisions"}],"wp:featuredmedia":[{"embeddable":true,"href":"https:\/\/www.europesays.com\/se\/wp-json\/wp\/v2\/media\/334613"}],"wp:attachment":[{"href":"https:\/\/www.europesays.com\/se\/wp-json\/wp\/v2\/media?parent=334612"}],"wp:term":[{"taxonomy":"category","embeddable":true,"href":"https:\/\/www.europesays.com\/se\/wp-json\/wp\/v2\/categories?post=334612"},{"taxonomy":"post_tag","embeddable":true,"href":"https:\/\/www.europesays.com\/se\/wp-json\/wp\/v2\/tags?post=334612"}],"curies":[{"name":"wp","href":"https:\/\/api.w.org\/{rel}","templated":true}]}}