{"id":335760,"date":"2026-08-12T11:08:21","date_gmt":"2026-08-12T11:08:21","guid":{"rendered":"https:\/\/www.europesays.com\/se\/335760\/"},"modified":"2026-08-12T11:08:21","modified_gmt":"2026-08-12T11:08:21","slug":"zelenskyj-vi-har-overlamnat-nytt-fredsforslag-till-usa","status":"publish","type":"post","link":"https:\/\/www.europesays.com\/se\/335760\/","title":{"rendered":"Zelenskyj: Vi har \u00f6verl\u00e4mnat nytt fredsf\u00f6rslag till USA"},"content":{"rendered":"<p>Ukraina har \u00f6verl\u00e4mnat ett nytt fredsf\u00f6rslag till USA, s\u00e4ger Volodymyr Zelenskyj i tisdagskv\u00e4llens tal till nationen.<\/p>\n<p>\u2013 USA kan s\u00e4tta press p\u00e5 Ryssland s\u00e5 att planerna f\u00f6r\u00e4ndras fr\u00e5n att f\u00f6rl\u00e4nga kriget till att f\u00f6rbereda sig p\u00e5 att avsluta det, s\u00e4ger han.<\/p>\n<p>Han presenterar inga detaljer kring avtalets inneh\u00e5ll.<\/p>\n<p>Uttalandet sker vid en tidpunkt d\u00e5 USA g\u00f6r ett omtag kring Ukrainakriget efter att str\u00e5lkastarljuset i n\u00e5gra m\u00e5nader har riktats mot Mellan\u00f6stern. USA:s s\u00e4ndebud Steve Witkoff och Jared Kushner v\u00e4ntas inom kort bes\u00f6ka b\u00e5da l\u00e4nderna.<\/p>\n<p>Omni \u00e4r politiskt obundna och oberoende. Vi str\u00e4var efter att ge fler perspektiv p\u00e5 nyheterna. Har du fr\u00e5gor eller synpunkter kring v\u00e5r rapportering? <a href=\"https:\/\/omni.se\/zelenskyj-vi-har-overlamnat-nytt-fredsforslag-till-usa\/a\/mailto:redaktion@omni.se\" class=\"ArticleActions-module-scss-module__w9u9BG__contactLink\" rel=\"nofollow noopener\" target=\"_blank\">Kontakta redaktionen<\/a><\/p>\n","protected":false},"excerpt":{"rendered":"Ukraina har \u00f6verl\u00e4mnat ett nytt fredsf\u00f6rslag till USA, s\u00e4ger Volodymyr Zelenskyj i tisdagskv\u00e4llens tal till nationen. \u2013 USA&hellip;\n","protected":false},"author":2,"featured_media":335761,"comment_status":"","ping_status":"","sticky":false,"template":"","format":"standard","meta":{"footnotes":"","_share_on_mastodon":"0"},"categories":[14],"tags":[387,22,23,267,26,27,17,21,10798,24,25,28,29,15,268,16,18,269,264,34,9122,31,33,32,30,19,20,263,74,51,262,52,53,54],"class_list":["post-335760","post","type-post","status-publish","format-standard","has-post-thumbnail","category-varlden","tag-amerikansk-politik","tag-breaking-news","tag-breakingnews","tag-europa","tag-featured-news","tag-featurednews","tag-headlines","tag-huvudnyheter","tag-jared-kushner","tag-latest-news","tag-latestnews","tag-main-news","tag-mainnews","tag-news","tag-nordamerika","tag-nyheter","tag-rubriker","tag-ryska-invasionen","tag-ryssland","tag-se","tag-steve-witkoff","tag-svenska","tag-sverige","tag-sweden","tag-swedish","tag-top-stories","tag-topstories","tag-ukraina","tag-usa","tag-varlden","tag-volodymyr-zelenskyj","tag-world","tag-world-news","tag-worldnews"],"share_on_mastodon":{"url":"https:\/\/pubeurope.com\/@se\/117082227247656355","error":""},"_links":{"self":[{"href":"https:\/\/www.europesays.com\/se\/wp-json\/wp\/v2\/posts\/335760","targetHints":{"allow":["GET"]}}],"collection":[{"href":"https:\/\/www.europesays.com\/se\/wp-json\/wp\/v2\/posts"}],"about":[{"href":"https:\/\/www.europesays.com\/se\/wp-json\/wp\/v2\/types\/post"}],"author":[{"embeddable":true,"href":"https:\/\/www.europesays.com\/se\/wp-json\/wp\/v2\/users\/2"}],"replies":[{"embeddable":true,"href":"https:\/\/www.europesays.com\/se\/wp-json\/wp\/v2\/comments?post=335760"}],"version-history":[{"count":0,"href":"https:\/\/www.europesays.com\/se\/wp-json\/wp\/v2\/posts\/335760\/revisions"}],"wp:featuredmedia":[{"embeddable":true,"href":"https:\/\/www.europesays.com\/se\/wp-json\/wp\/v2\/media\/335761"}],"wp:attachment":[{"href":"https:\/\/www.europesays.com\/se\/wp-json\/wp\/v2\/media?parent=335760"}],"wp:term":[{"taxonomy":"category","embeddable":true,"href":"https:\/\/www.europesays.com\/se\/wp-json\/wp\/v2\/categories?post=335760"},{"taxonomy":"post_tag","embeddable":true,"href":"https:\/\/www.europesays.com\/se\/wp-json\/wp\/v2\/tags?post=335760"}],"curies":[{"name":"wp","href":"https:\/\/api.w.org\/{rel}","templated":true}]}}