{"id":335810,"date":"2026-08-12T11:44:13","date_gmt":"2026-08-12T11:44:13","guid":{"rendered":"https:\/\/www.europesays.com\/se\/335810\/"},"modified":"2026-08-12T11:44:13","modified_gmt":"2026-08-12T11:44:13","slug":"riskgrupper-avstar-fran-vaccination-forskning-se","status":"publish","type":"post","link":"https:\/\/www.europesays.com\/se\/335810\/","title":{"rendered":"Riskgrupper avst\u00e5r fr\u00e5n vaccination &#8211; forskning.se"},"content":{"rendered":"<p>En studie vid Ume\u00e5 universitet visar att m\u00e5nga personer i riskgrupper avst\u00e5r fr\u00e5n gratis vaccination mot influensa och covid-19. Forskarna lyfter fram att mer riktade insatser beh\u00f6vs f\u00f6r att n\u00e5 grupper som l\u00f6per st\u00f6rre risk att bli sv\u00e5rt sjuka.<\/p>\n<p class=\"wp-block-paragraph\">Influensa och covid-19 kan fortfarande leda till allvarliga tillst\u00e5nd och d\u00f6dsfall bland \u00e4ldre och personer med kroniska sjukdomar. D\u00e4rf\u00f6r rekommenderas vaccination f\u00f6r personer som tillh\u00f6r medicinska riskgrupper. Vaccinationen erbjuds gratis i Sverige.<\/p>\n<p class=\"wp-block-paragraph\">I en ny studie har forskare unders\u00f6kt vilka faktorer som p\u00e5verkar vaccinationst\u00e4ckningen bland personer i riskgrupper i norra Sverige. Totalt ingick 600 vuxna patienter fr\u00e5n Norrlands universitetssjukhus. Av dem rekommenderades 450 personer vaccination mot b\u00e5de influensa och covid-19.<\/p>\n<p>M\u00e5nga f\u00f6ljde inte rekommendationer<\/p>\n<p class=\"wp-block-paragraph\">I studien vaccinerade sig 52 procent av dem som rekommenderades influensavaccination och 54 procent av dem som rekommenderades vaccination mot covid-19. Det var n\u00e5got l\u00e4gre \u00e4n genomsnittet i V\u00e4sterbotten.<\/p>\n<p class=\"wp-block-paragraph\">Fr\u00e4mst avstod yngre personer i riskgrupperna, m\u00e4n, r\u00f6kare och personer som beh\u00f6vde hj\u00e4lp av hemtj\u00e4nsten i vardagen.<\/p>\n<p class=\"wp-block-paragraph\">Forskarna fann d\u00e4remot inget tydligt <a class=\"glossaryLink\" aria-describedby=\"tt\" data-cmtooltip=\"&lt;div class=glossaryItemBody&gt; Tv\u00e5 saker verkar h\u00e4nga ihop \u2013 n\u00e4r den ena \u00e4ndras, \u00e4ndras ofta den andra ocks\u00e5. Men det betyder inte att den ena orsakar den  ...&lt;\/div&gt;&lt;div class=glossaryTooltipMoreLinkWrapper&gt;&lt;a class=glossaryTooltipMoreLink href=https:\/\/forskning.se\/ordlista\/korrelation\/ &gt;L\u00e4s mer&lt;\/a&gt;&lt;\/div&gt;\" href=\"https:\/\/forskning.se\/ordlista\/korrelation\/\" data-mobile-support=\"0\" data-gt-translate-attributes=\"[{\" attribute=\"\" tabindex=\"0\" role=\"link\" rel=\"nofollow noopener\" target=\"_blank\">samband<\/a> mellan vaccination och f\u00f6rh\u00e5llandena i personernas n\u00e4romr\u00e5de. Varken utbildningsniv\u00e5, ekonomiska f\u00f6ruts\u00e4ttningar eller omr\u00e5dets geografiska l\u00e4ge hade n\u00e5gon st\u00f6rre betydelse f\u00f6r vaccinationst\u00e4ckningen.<\/p>\n<p class=\"wp-block-paragraph\">\u2013 Vi blev f\u00f6rv\u00e5nade \u00f6ver att var man bor spelade s\u00e5 liten roll. Det inneb\u00e4r att vi beh\u00f6ver rikta insatserna mer mot de grupper som fortfarande v\u00e4ljer bort vaccination, s\u00e4ger Urban Johansson Kostenniemi, infektionsl\u00e4kare och forskare p\u00e5 Institutionen f\u00f6r klinisk mikrobiologi vid Ume\u00e5 universitet, i ett pressmeddelande.<\/p>\n<p>Flera sjukdomstillst\u00e5nd \u00f6kar risken<\/p>\n<p class=\"wp-block-paragraph\">Forskarna \u00f6verraskades ocks\u00e5 av att personer med flera sjukdomar inte vaccinerade sig oftare \u00e4n personer med endast en riskfaktor.<\/p>\n<p class=\"wp-block-paragraph\">\u2013 Det tyder p\u00e5 att m\u00e5nga inte k\u00e4nner till hur den samlade risken \u00f6kar n\u00e4r flera sjukdomstillst\u00e5nd f\u00f6rekommer samtidigt, s\u00e4ger Urban Johansson Kostenniemi.<\/p>\n<p class=\"wp-block-paragraph\">Resultaten kan, enligt forskarna, bidra till mer tr\u00e4ffs\u00e4kra vaccinationsinsatser. Bland f\u00f6rslagen finns tydligare information till riskgrupper, s\u00e4rskilt personer med flera sjukdomar som l\u00f6per extra stor risk att bli sv\u00e5rt sjuka. En annan m\u00f6jlig \u00e5tg\u00e4rd \u00e4r att erbjuda flera vaccinationer vid samma bes\u00f6k.<\/p>\n<p class=\"wp-block-paragraph\">\u2013 Om vi kan \u00f6ka f\u00f6rst\u00e5elsen f\u00f6r risken hos de mest s\u00e5rbara grupperna och samtidigt g\u00f6ra vaccinationen s\u00e5 enkel som m\u00f6jligt finns goda m\u00f6jligheter att f\u00f6rb\u00e4ttra skyddet mot allvarlig sjukdom, s\u00e4ger Urban Johansson Kostenniemi.<strong\/><\/p>\n<p class=\"wp-block-paragraph\">Studien bygger p\u00e5 intervjuer med patienter, <a class=\"glossaryLink\" aria-describedby=\"tt\" data-cmtooltip=\"&lt;div class=glossaryItemBody&gt; Information som samlas in och analyseras i forskning \u2013 till exempel texter, siffror, bilder eller intervjusvar.&lt;br\/&gt;Data \u00e4r  ...&lt;\/div&gt;&lt;div class=glossaryTooltipMoreLinkWrapper&gt;&lt;a class=glossaryTooltipMoreLink href=https:\/\/forskning.se\/ordlista\/data\/ &gt;L\u00e4s mer&lt;\/a&gt;&lt;\/div&gt;\" href=\"https:\/\/forskning.se\/ordlista\/data\/\" data-mobile-support=\"0\" data-gt-translate-attributes=\"[{\" attribute=\"\" tabindex=\"0\" role=\"link\" rel=\"nofollow noopener\" target=\"_blank\">data<\/a> fr\u00e5n patientjournaler och information fr\u00e5n nationella register. Forskarna analyserade b\u00e5de individuella och samh\u00e4lleliga faktorer f\u00f6r att f\u00e5 en mer helt\u00e4ckande bild av vad som p\u00e5verkar vaccinationsbeslut.<\/p>\n<p>Vetenskaplig artikel:<\/p>\n<p class=\"wp-block-paragraph\"><a href=\"https:\/\/doi.org\/10.1080\/21645515.2026.2688595\" rel=\"nofollow noopener\" target=\"_blank\">Determinants of seasonal influenza and COVID-19 vaccine uptake in high-risk individuals in northern Sweden<\/a>, Human Vaccines &amp; Immunotherapeutics.<\/p>\n","protected":false},"excerpt":{"rendered":"En studie vid Ume\u00e5 universitet visar att m\u00e5nga personer i riskgrupper avst\u00e5r fr\u00e5n gratis vaccination mot influensa och&hellip;\n","protected":false},"author":2,"featured_media":335811,"comment_status":"","ping_status":"","sticky":false,"template":"","format":"standard","meta":{"footnotes":"","_share_on_mastodon":"0"},"categories":[69],"tags":[113,112,505,34,31,33,32,30],"class_list":["post-335810","post","type-post","status-publish","format-standard","has-post-thumbnail","category-halsa","tag-halsa","tag-health","tag-nyhet","tag-se","tag-svenska","tag-sverige","tag-sweden","tag-swedish"],"share_on_mastodon":{"url":"https:\/\/pubeurope.com\/@se\/117082368607282952","error":""},"_links":{"self":[{"href":"https:\/\/www.europesays.com\/se\/wp-json\/wp\/v2\/posts\/335810","targetHints":{"allow":["GET"]}}],"collection":[{"href":"https:\/\/www.europesays.com\/se\/wp-json\/wp\/v2\/posts"}],"about":[{"href":"https:\/\/www.europesays.com\/se\/wp-json\/wp\/v2\/types\/post"}],"author":[{"embeddable":true,"href":"https:\/\/www.europesays.com\/se\/wp-json\/wp\/v2\/users\/2"}],"replies":[{"embeddable":true,"href":"https:\/\/www.europesays.com\/se\/wp-json\/wp\/v2\/comments?post=335810"}],"version-history":[{"count":0,"href":"https:\/\/www.europesays.com\/se\/wp-json\/wp\/v2\/posts\/335810\/revisions"}],"wp:featuredmedia":[{"embeddable":true,"href":"https:\/\/www.europesays.com\/se\/wp-json\/wp\/v2\/media\/335811"}],"wp:attachment":[{"href":"https:\/\/www.europesays.com\/se\/wp-json\/wp\/v2\/media?parent=335810"}],"wp:term":[{"taxonomy":"category","embeddable":true,"href":"https:\/\/www.europesays.com\/se\/wp-json\/wp\/v2\/categories?post=335810"},{"taxonomy":"post_tag","embeddable":true,"href":"https:\/\/www.europesays.com\/se\/wp-json\/wp\/v2\/tags?post=335810"}],"curies":[{"name":"wp","href":"https:\/\/api.w.org\/{rel}","templated":true}]}}