{"id":335926,"date":"2026-08-12T13:45:16","date_gmt":"2026-08-12T13:45:16","guid":{"rendered":"https:\/\/www.europesays.com\/se\/335926\/"},"modified":"2026-08-12T13:45:16","modified_gmt":"2026-08-12T13:45:16","slug":"analyser-etablissemanget-slar-tillbaka-mot-vanstern","status":"publish","type":"post","link":"https:\/\/www.europesays.com\/se\/335926\/","title":{"rendered":"Analyser: Etablissemanget sl\u00e5r tillbaka mot v\u00e4nstern"},"content":{"rendered":"<p>Det demokratiska etablissemanget sl\u00e5r tillbaka. Det skriver New York Times, CNN och Wall Street Journal i sina analyser efter nattens demokratiska prim\u00e4rval i Wisconsin.<\/p>\n<p>Trots att v\u00e4nsterkandidaten Francesca Hong var storfavorit \u00e4r det mittenpolitikern David Crowley som blir partiets kandidat i guvern\u00f6rsvalet.<\/p>\n<p>Ett sk\u00f6nt besked f\u00f6r Demokraterna, skriver Kellen Browning och Julie Bosman i NYT. Efter flera v\u00e4nstervinster i n\u00e4rtid tog det stopp i v\u00e5gm\u00e4starstaten Wisconsin.<\/p>\n<p>\u201dDet visar p\u00e5 den progressiva r\u00f6relsens begr\u00e4nsningar och g\u00f6r det m\u00f6jligt f\u00f6r mittenf\u00e5ran inom Demokraterna att dra en l\u00e4ttnadens suck\u201d, skriver de.<\/p>\n<p>En t\u00e4nkbar f\u00f6rklaring till underprestationen \u00e4r att v\u00e4ljare inte v\u00e5gar r\u00f6sta p\u00e5 v\u00e4nsterkandidater av oro f\u00f6r att de ska prestera s\u00e4mre i n\u00e4sta steg, d\u00e5 en republikan st\u00e5r p\u00e5 andra sidan, enligt CNN:s analys.<\/p>\n<p>Tacks\u00e4gelsedagen kom tidigt f\u00f6r partiets mittenv\u00e4ljare, skriver WSJ:s Damian Paletta, men striden forts\u00e4tter:<\/p>\n<p>\u201dDet demokratiska inb\u00f6rdeskriget \u00e4r inte \u00f6ver. Inte i n\u00e4rheten.\u201d<\/p>\n<p>Omni \u00e4r politiskt obundna och oberoende. Vi str\u00e4var efter att ge fler perspektiv p\u00e5 nyheterna. Har du fr\u00e5gor eller synpunkter kring v\u00e5r rapportering? <a href=\"https:\/\/omni.se\/analyser-etablissemanget-slar-tillbaka-mot-vanstern\/a\/mailto:redaktion@omni.se\" class=\"ArticleActions-module-scss-module__w9u9BG__contactLink\" rel=\"nofollow noopener\" target=\"_blank\">Kontakta redaktionen<\/a><\/p>\n","protected":false},"excerpt":{"rendered":"Det demokratiska etablissemanget sl\u00e5r tillbaka. Det skriver New York Times, CNN och Wall Street Journal i sina analyser&hellip;\n","protected":false},"author":2,"featured_media":335927,"comment_status":"","ping_status":"","sticky":false,"template":"","format":"standard","meta":{"footnotes":"","_share_on_mastodon":"0"},"categories":[5],"tags":[387,1047,22,23,1201,26,27,17,21,24,25,28,29,15,268,16,1202,18,34,31,33,32,30,19,20,386,74],"class_list":["post-335926","post","type-post","status-publish","format-standard","has-post-thumbnail","category-rubriker","tag-amerikansk-politik","tag-analys","tag-breaking-news","tag-breakingnews","tag-demokraterna-i-usa","tag-featured-news","tag-featurednews","tag-headlines","tag-huvudnyheter","tag-latest-news","tag-latestnews","tag-main-news","tag-mainnews","tag-news","tag-nordamerika","tag-nyheter","tag-republikanerna-i-usa","tag-rubriker","tag-se","tag-svenska","tag-sverige","tag-sweden","tag-swedish","tag-top-stories","tag-topstories","tag-trumps-usa","tag-usa"],"share_on_mastodon":{"url":"https:\/\/pubeurope.com\/@se\/117082844492427271","error":""},"_links":{"self":[{"href":"https:\/\/www.europesays.com\/se\/wp-json\/wp\/v2\/posts\/335926","targetHints":{"allow":["GET"]}}],"collection":[{"href":"https:\/\/www.europesays.com\/se\/wp-json\/wp\/v2\/posts"}],"about":[{"href":"https:\/\/www.europesays.com\/se\/wp-json\/wp\/v2\/types\/post"}],"author":[{"embeddable":true,"href":"https:\/\/www.europesays.com\/se\/wp-json\/wp\/v2\/users\/2"}],"replies":[{"embeddable":true,"href":"https:\/\/www.europesays.com\/se\/wp-json\/wp\/v2\/comments?post=335926"}],"version-history":[{"count":0,"href":"https:\/\/www.europesays.com\/se\/wp-json\/wp\/v2\/posts\/335926\/revisions"}],"wp:featuredmedia":[{"embeddable":true,"href":"https:\/\/www.europesays.com\/se\/wp-json\/wp\/v2\/media\/335927"}],"wp:attachment":[{"href":"https:\/\/www.europesays.com\/se\/wp-json\/wp\/v2\/media?parent=335926"}],"wp:term":[{"taxonomy":"category","embeddable":true,"href":"https:\/\/www.europesays.com\/se\/wp-json\/wp\/v2\/categories?post=335926"},{"taxonomy":"post_tag","embeddable":true,"href":"https:\/\/www.europesays.com\/se\/wp-json\/wp\/v2\/tags?post=335926"}],"curies":[{"name":"wp","href":"https:\/\/api.w.org\/{rel}","templated":true}]}}