{"id":335930,"date":"2026-08-12T13:48:15","date_gmt":"2026-08-12T13:48:15","guid":{"rendered":"https:\/\/www.europesays.com\/se\/335930\/"},"modified":"2026-08-12T13:48:15","modified_gmt":"2026-08-12T13:48:15","slug":"ledare-lat-froken-snusk-sjunga-med-jimmie-akesson","status":"publish","type":"post","link":"https:\/\/www.europesays.com\/se\/335930\/","title":{"rendered":"Ledare: \u201dL\u00e5t Fr\u00f6ken Snusk sjunga med Jimmie \u00c5kesson\u201d"},"content":{"rendered":"<p>Ett planerat g\u00e4stspel p\u00e5 ett SD-valm\u00f6te ledde till att artisten Fr\u00f6ken Snusk avbokades fr\u00e5n de kommunalt finansierade Karl-Oskardagarna i V\u00e4xj\u00f6. N\u00e5got som har lett till flera inl\u00e4gg p\u00e5 de svenska ledarsidorna.<\/p>\n<p>I Helagotland skriver Jehna Al-Moushahdi att SD-ledaren Jimmie \u00c5kesson anv\u00e4nder musik och popul\u00e4rkultur f\u00f6r att bedriva sin \u201drasistiska politik\u201d.<\/p>\n<p>Andra l\u00e4gger i st\u00e4llet fokus p\u00e5 artisters r\u00e4tt att ta politisk st\u00e4llning. Under rubriken \u201dL\u00e5t Fr\u00f6ken Snusk sjunga om luder ihop med Jimmie\u201d argumenterar Aftonbladets Markus Alexandersson f\u00f6r att epadunk-stj\u00e4rnan ska f\u00e5 spela p\u00e5 b\u00e5de SD-m\u00f6ten och stadsfestivaler.<\/p>\n<p>\u201dHur illa kan det vara? Det farliga \u00e4r om andra kulturut\u00f6vare skulle tystas\u201d, skriver Alexandersson.<\/p>\n<p>I Sm\u00e5landsposten ifr\u00e5gas\u00e4tter samtidigt Fredrik Haage de argument som Karl-Oskardagarnas arrang\u00f6rer lade fram f\u00f6r att motivera avbokningen:<\/p>\n<p>\u201dIntrycket blir f\u00f6rst\u00e5s att festivalens ansvariga letar efter halmstr\u00e5n att l\u00e4gga ihop till n\u00e5got stort nog att g\u00f6mma sig bakom\u201d, menar Haage.<\/p>\n<p>Omni \u00e4r politiskt obundna och oberoende. Vi str\u00e4var efter att ge fler perspektiv p\u00e5 nyheterna. Har du fr\u00e5gor eller synpunkter kring v\u00e5r rapportering? <a href=\"https:\/\/omni.se\/ledare-lat-froken-snusk-sjunga-om-luder-med-akesson\/a\/mailto:redaktion@omni.se\" class=\"ArticleActions-module-scss-module__w9u9BG__contactLink\" rel=\"nofollow noopener\" target=\"_blank\">Kontakta redaktionen<\/a><\/p>\n","protected":false},"excerpt":{"rendered":"Ett planerat g\u00e4stspel p\u00e5 ett SD-valm\u00f6te ledde till att artisten Fr\u00f6ken Snusk avbokades fr\u00e5n de kommunalt finansierade Karl-Oskardagarna&hellip;\n","protected":false},"author":2,"featured_media":335931,"comment_status":"","ping_status":"","sticky":false,"template":"","format":"standard","meta":{"footnotes":"","_share_on_mastodon":"0"},"categories":[67],"tags":[104,4191,1562,511,369,34,31,33,617,32,30,105],"class_list":["post-335930","post","type-post","status-publish","format-standard","has-post-thumbnail","category-underhallning","tag-entertainment","tag-froken-snusk","tag-jimmie-akesson","tag-ledare","tag-politik","tag-se","tag-svenska","tag-sverige","tag-sverigedemokraterna","tag-sweden","tag-swedish","tag-underhallning"],"share_on_mastodon":{"url":"https:\/\/pubeurope.com\/@se\/117082856579084984","error":""},"_links":{"self":[{"href":"https:\/\/www.europesays.com\/se\/wp-json\/wp\/v2\/posts\/335930","targetHints":{"allow":["GET"]}}],"collection":[{"href":"https:\/\/www.europesays.com\/se\/wp-json\/wp\/v2\/posts"}],"about":[{"href":"https:\/\/www.europesays.com\/se\/wp-json\/wp\/v2\/types\/post"}],"author":[{"embeddable":true,"href":"https:\/\/www.europesays.com\/se\/wp-json\/wp\/v2\/users\/2"}],"replies":[{"embeddable":true,"href":"https:\/\/www.europesays.com\/se\/wp-json\/wp\/v2\/comments?post=335930"}],"version-history":[{"count":0,"href":"https:\/\/www.europesays.com\/se\/wp-json\/wp\/v2\/posts\/335930\/revisions"}],"wp:featuredmedia":[{"embeddable":true,"href":"https:\/\/www.europesays.com\/se\/wp-json\/wp\/v2\/media\/335931"}],"wp:attachment":[{"href":"https:\/\/www.europesays.com\/se\/wp-json\/wp\/v2\/media?parent=335930"}],"wp:term":[{"taxonomy":"category","embeddable":true,"href":"https:\/\/www.europesays.com\/se\/wp-json\/wp\/v2\/categories?post=335930"},{"taxonomy":"post_tag","embeddable":true,"href":"https:\/\/www.europesays.com\/se\/wp-json\/wp\/v2\/tags?post=335930"}],"curies":[{"name":"wp","href":"https:\/\/api.w.org\/{rel}","templated":true}]}}