{"id":336555,"date":"2026-08-13T02:07:39","date_gmt":"2026-08-13T02:07:39","guid":{"rendered":"https:\/\/www.europesays.com\/se\/336555\/"},"modified":"2026-08-13T02:07:39","modified_gmt":"2026-08-13T02:07:39","slug":"analys-draget-som-gav-linus-carlstrand-chansen-att-skina-pa-gamla-ullevi","status":"publish","type":"post","link":"https:\/\/www.europesays.com\/se\/336555\/","title":{"rendered":"ANALYS: Draget som gav Linus Carlstrand chansen att skina p\u00e5 Gamla Ullevi"},"content":{"rendered":"<p>                                <img loading=\"lazy\" width=\"1000\" height=\"650\" src=\"https:\/\/www.europesays.com\/se\/wp-content\/uploads\/2026\/08\/BB260808MI055-e1786439763659.jpg\" class=\"attachment-full size-full wp-post-image\" alt=\"ANALYS: Draget som gav Linus Carlstrand chansen att skina p\u00e5 Gamla Ullevi\" title=\"\" decoding=\"async\"  \/>                            <\/p>\n<p><strong>Linus Carlstrand har f\u00e5tt en flygande start p\u00e5 AIK-karri\u00e4ren.<\/strong><\/p>\n<p><strong>Med dubbla m\u00e5l mot \u00d6rgryte blev 21-\u00e5ringen matchhj\u00e4lte p\u00e5 Gamla Ullevi.<\/strong><\/p>\n<p><strong>Anders Lindberg har analyserat tr\u00e4nardraget som gav jackpott och fick fram det b\u00e4sta ur nyf\u00f6rv\u00e4rvet.<\/strong><\/p>\n<p>  Redan prenumerant? <a href=\"https:\/\/fotbollsthlm.se\/login\/\" style=\"color:blue;\" rel=\"nofollow noopener\" target=\"_blank\">Logga in<\/a> f\u00f6r att l\u00e4sa.<\/p>\n<p>Eller bli <a href=\"https:\/\/fotbollsthlm.se\/plus\/\" style=\"color:blue;\" rel=\"nofollow noopener\" target=\"_blank\">Prenumerant<\/a> &#13;\n    <\/p>\n<p>\u2022 Tillg\u00e5ng till allt material p\u00e5 Fotboll Sthlm <br \/>&#13;<br \/>\n\u2022 L\u00f6pande prenumeration, utan bindningstid <br \/>&#13;<br \/>\n\u2022 99 kronor f\u00f6r 30 dagar&#13;\n    <\/p>\n<p>                                <a href=\"https:\/\/fotbollsthlm.se\/tag\/aik\/\" rel=\"tag nofollow noopener\" target=\"_blank\">AIK<\/a>, <a href=\"https:\/\/fotbollsthlm.se\/tag\/plus\/\" rel=\"tag nofollow noopener\" target=\"_blank\">Plus<\/a>                            <\/p>\n","protected":false},"excerpt":{"rendered":"Linus Carlstrand har f\u00e5tt en flygande start p\u00e5 AIK-karri\u00e4ren. Med dubbla m\u00e5l mot \u00d6rgryte blev 21-\u00e5ringen matchhj\u00e4lte p\u00e5&hellip;\n","protected":false},"author":2,"featured_media":336556,"comment_status":"","ping_status":"","sticky":false,"template":"","format":"standard","meta":{"footnotes":"","_share_on_mastodon":"0"},"categories":[68],"tags":[3711,9471,34,111,110,31,33,32,30],"class_list":["post-336555","post","type-post","status-publish","format-standard","has-post-thumbnail","category-sport","tag-aik","tag-plus","tag-se","tag-sport","tag-sports","tag-svenska","tag-sverige","tag-sweden","tag-swedish"],"share_on_mastodon":{"url":"https:\/\/pubeurope.com\/@se\/117085762576318600","error":""},"_links":{"self":[{"href":"https:\/\/www.europesays.com\/se\/wp-json\/wp\/v2\/posts\/336555","targetHints":{"allow":["GET"]}}],"collection":[{"href":"https:\/\/www.europesays.com\/se\/wp-json\/wp\/v2\/posts"}],"about":[{"href":"https:\/\/www.europesays.com\/se\/wp-json\/wp\/v2\/types\/post"}],"author":[{"embeddable":true,"href":"https:\/\/www.europesays.com\/se\/wp-json\/wp\/v2\/users\/2"}],"replies":[{"embeddable":true,"href":"https:\/\/www.europesays.com\/se\/wp-json\/wp\/v2\/comments?post=336555"}],"version-history":[{"count":0,"href":"https:\/\/www.europesays.com\/se\/wp-json\/wp\/v2\/posts\/336555\/revisions"}],"wp:featuredmedia":[{"embeddable":true,"href":"https:\/\/www.europesays.com\/se\/wp-json\/wp\/v2\/media\/336556"}],"wp:attachment":[{"href":"https:\/\/www.europesays.com\/se\/wp-json\/wp\/v2\/media?parent=336555"}],"wp:term":[{"taxonomy":"category","embeddable":true,"href":"https:\/\/www.europesays.com\/se\/wp-json\/wp\/v2\/categories?post=336555"},{"taxonomy":"post_tag","embeddable":true,"href":"https:\/\/www.europesays.com\/se\/wp-json\/wp\/v2\/tags?post=336555"}],"curies":[{"name":"wp","href":"https:\/\/api.w.org\/{rel}","templated":true}]}}