{"id":336643,"date":"2026-08-13T04:26:30","date_gmt":"2026-08-13T04:26:30","guid":{"rendered":"https:\/\/www.europesays.com\/se\/336643\/"},"modified":"2026-08-13T04:26:30","modified_gmt":"2026-08-13T04:26:30","slug":"kallor-usa-fick-ukraina-att-sluta-med-oljeattacker","status":"publish","type":"post","link":"https:\/\/www.europesays.com\/se\/336643\/","title":{"rendered":"K\u00e4llor: USA fick Ukraina att sluta med oljeattacker"},"content":{"rendered":"<p>Ukraina har slutat attackera oljefartyg vid en terminal i n\u00e4rheten av den ryska hamnstaden Novorossijsk, efter att USA bett landet att upph\u00f6ra med attackerna. Det uppger ukrainska k\u00e4llor f\u00f6r Financial Times. <\/p>\n<p>Vicepresident JD Vance ska ha v\u00e4djat till president Volodymyr Zelenskyj under ett samtal i slutet av juli, eftersom Vita huset befarade att dr\u00f6narattackerna skulle p\u00e5verka oljemarknaderna p\u00e5 ett s\u00e4tt som skadar amerikanska f\u00f6retag.<\/p>\n<p>Terminalen anv\u00e4nds f\u00f6r att frakta r\u00e5olja fr\u00e5n Kazakstan till Novorossijsk. P\u00e5 onsdagen uppgav Ukraina att en rysk milit\u00e4rbas i Novorossijsk attackerats.<\/p>\n<p>Omni \u00e4r politiskt obundna och oberoende. Vi str\u00e4var efter att ge fler perspektiv p\u00e5 nyheterna. Har du fr\u00e5gor eller synpunkter kring v\u00e5r rapportering? <a href=\"https:\/\/omni.se\/kallor-usa-vadjade-om-stopp-pa-ukrainska-oljeattacker\/a\/mailto:redaktion@omni.se\" class=\"ArticleActions-module-scss-module__w9u9BG__contactLink\" rel=\"nofollow noopener\" target=\"_blank\">Kontakta redaktionen<\/a><\/p>\n","protected":false},"excerpt":{"rendered":"Ukraina har slutat attackera oljefartyg vid en terminal i n\u00e4rheten av den ryska hamnstaden Novorossijsk, efter att USA&hellip;\n","protected":false},"author":2,"featured_media":336644,"comment_status":"","ping_status":"","sticky":false,"template":"","format":"standard","meta":{"footnotes":"","_share_on_mastodon":"0"},"categories":[5],"tags":[22,23,26,27,17,21,403,24,25,28,29,15,16,18,269,264,34,31,33,32,30,19,20,263,74,262],"class_list":["post-336643","post","type-post","status-publish","format-standard","has-post-thumbnail","category-rubriker","tag-breaking-news","tag-breakingnews","tag-featured-news","tag-featurednews","tag-headlines","tag-huvudnyheter","tag-jd-vance","tag-latest-news","tag-latestnews","tag-main-news","tag-mainnews","tag-news","tag-nyheter","tag-rubriker","tag-ryska-invasionen","tag-ryssland","tag-se","tag-svenska","tag-sverige","tag-sweden","tag-swedish","tag-top-stories","tag-topstories","tag-ukraina","tag-usa","tag-volodymyr-zelenskyj"],"share_on_mastodon":{"url":"https:\/\/pubeurope.com\/@se\/117086308627526115","error":""},"_links":{"self":[{"href":"https:\/\/www.europesays.com\/se\/wp-json\/wp\/v2\/posts\/336643","targetHints":{"allow":["GET"]}}],"collection":[{"href":"https:\/\/www.europesays.com\/se\/wp-json\/wp\/v2\/posts"}],"about":[{"href":"https:\/\/www.europesays.com\/se\/wp-json\/wp\/v2\/types\/post"}],"author":[{"embeddable":true,"href":"https:\/\/www.europesays.com\/se\/wp-json\/wp\/v2\/users\/2"}],"replies":[{"embeddable":true,"href":"https:\/\/www.europesays.com\/se\/wp-json\/wp\/v2\/comments?post=336643"}],"version-history":[{"count":0,"href":"https:\/\/www.europesays.com\/se\/wp-json\/wp\/v2\/posts\/336643\/revisions"}],"wp:featuredmedia":[{"embeddable":true,"href":"https:\/\/www.europesays.com\/se\/wp-json\/wp\/v2\/media\/336644"}],"wp:attachment":[{"href":"https:\/\/www.europesays.com\/se\/wp-json\/wp\/v2\/media?parent=336643"}],"wp:term":[{"taxonomy":"category","embeddable":true,"href":"https:\/\/www.europesays.com\/se\/wp-json\/wp\/v2\/categories?post=336643"},{"taxonomy":"post_tag","embeddable":true,"href":"https:\/\/www.europesays.com\/se\/wp-json\/wp\/v2\/tags?post=336643"}],"curies":[{"name":"wp","href":"https:\/\/api.w.org\/{rel}","templated":true}]}}