{"id":336657,"date":"2026-08-13T04:38:16","date_gmt":"2026-08-13T04:38:16","guid":{"rendered":"https:\/\/www.europesays.com\/se\/336657\/"},"modified":"2026-08-13T04:38:16","modified_gmt":"2026-08-13T04:38:16","slug":"biostar-lanserar-en-ny-mini-pc-med-intel-twin-lake-processor-och-manga-anslutningsmojligheter","status":"publish","type":"post","link":"https:\/\/www.europesays.com\/se\/336657\/","title":{"rendered":"BioStar lanserar en ny mini-PC med Intel Twin Lake-processor och m\u00e5nga anslutningsm\u00f6jligheter"},"content":{"rendered":"<p>\t\t<a href=\"https:\/\/www.notebookcheck.se\/fileadmin\/Notebooks\/News\/_nc5\/biostar_mnt_n150_mini_pc_launch_view.jpg\" title=\"Mini-datorn BioStar MT-N150 drivs av en fyrk\u00e4rnig Intel Twin Lake-processor. \" data-caption=\"Mini-datorn BioStar MT-N150 drivs av en fyrk\u00e4rnig Intel Twin Lake-processor. \" rel=\"nofollow noopener\" target=\"_blank\"><img decoding=\"async\" src=\"https:\/\/www.europesays.com\/se\/wp-content\/uploads\/2026\/08\/csm_biostar_mnt_n150_mini_pc_launch_view_e27c4bf291.jpg\" loading=\"lazy\" width=\"240\" height=\"179\" alt=\"Mini-datorn BioStar MT-N150 drivs av en fyrk\u00e4rnig Intel Twin Lake-processor. \"\/><\/p>\n<p>\u24d8 BioStar<\/p>\n<p><\/a>Mini-datorn BioStar MT-N150 drivs av en fyrk\u00e4rnig Intel Twin Lake-processor. <\/p>\n<p>N\u00e4r det g\u00e4ller industriella minidatorer \u00e4r BioStar ett v\u00e4lrenommerat varum\u00e4rke. F\u00f6retaget har nu lanserat en ny kompakt minidator avsedd fr\u00e4mst f\u00f6r edge-implementering och andra industriella automatiseringsuppgifter. <\/p>\n<p class=\"bodytext\">BioStar har lanserat en ny minidator, kallad <a href=\"https:\/\/www.biostar.com.tw\/app\/en\/ipc\/introduction_app.php?S_ID=1210&amp;data-type=DOWNLOAD\" data-htmlarea-external=\"1\" rtekeep=\"1\" rel=\"nofollow noopener\" target=\"_blank\">EdgeComp MT-N150<\/a>. Som namnet antyder drivs minidatorn av en fyrk\u00e4rnig Intel Twin Lake-processor med tillr\u00e4cklig datorkraft f\u00f6r mindre kr\u00e4vande uppgifter.\u00a0  &#13;<\/p>\n<p class=\"bodytext\">F\u00f6r att vara mer specifik tillh\u00f6r den fyrk\u00e4rniga <a href=\"https:\/\/www.notebookcheck.se\/Intel-Alder-Lake-N-Processor-N150-Notebook-Processor.951889.0.html\" target=\"_self\" class=\"internal-link\" rel=\"nofollow noopener\">Intel N150-processorn<\/a> med fyra tr\u00e5dar \u201dTwin Lake\u201d-familjen av chip. Som man kan f\u00f6rv\u00e4nta sig av en 6-watts fyrk\u00e4rnig CPU som helt best\u00e5r av Gracemont-effektivitetsk\u00e4rnor \u00e4r flerk\u00e4rnig prestanda ganska nedsl\u00e5ende enligt moderna m\u00e5tt.\u00a0I syntetiska flerk\u00e4rniga prestandatester kan processorn endast h\u00e5lla j\u00e4mna steg med en fyra \u00e5r gammal AMD <a href=\"https:\/\/www.notebookcheck.se\/AMD-Mendocino-Zen-2-Ryzen-7020-R3-7320U-Notebook-Processor.774872.0.html\" target=\"_self\" class=\"internal-link\" rel=\"nofollow noopener\">Ryzen 3 7320U-<\/a>processor.  &#13;<\/p>\n<p class=\"bodytext\">Minidatorn kan utrustas med ett enda RAM-minne p\u00e5 upp till 16 GB DDR5-4800. Lagringsbehovet tillgodoses via M.2 2230, M.2 3042\/3052, M.2 2242\/2280 och en SATA III-plats.<\/p>\n<p>\t<a href=\"https:\/\/www.notebookcheck.se\/fileadmin\/Notebooks\/News\/_nc5\/biostar_mnt_n150_mini_pc_launch.jpg\" title=\"Mini-PC:n MTE-N150 har en volym p\u00e5 endast 1,7 liter och k\u00e4nnetecknas av en diskret design. \" data-caption=\"Mini-PC:n MTE-N150 har en volym p\u00e5 endast 1,7 liter och k\u00e4nnetecknas av en diskret design. \" rel=\"nofollow noopener\" target=\"_blank\"><img decoding=\"async\" src=\"https:\/\/www.europesays.com\/se\/wp-content\/uploads\/2026\/08\/csm_biostar_mnt_n150_mini_pc_launch_4b5071e5e4.jpg\" loading=\"lazy\" width=\"738\" height=\"412\" alt=\"Mini-PC:n MTE-N150 har en volym p\u00e5 endast 1,7 liter och k\u00e4nnetecknas av en diskret design. \"\/><\/p>\n<p>\u24d8 BioStar<\/p>\n<p><\/a>Mini-PC:n MTE-N150 har en volym p\u00e5 endast 1,7 liter och k\u00e4nnetecknas av en diskret design. <\/p>\n<p class=\"bodytext\">F\u00f6r industriella arbetsfl\u00f6den \u00e4r dock tillf\u00f6rlitlighet en betydligt viktigare aspekt. Det \u00e4r just h\u00e4r som mini-PC:n MT-N150 f\u00f6rv\u00e4ntas leverera, tack vare BioStars expertis och erfarenhet inom detta omr\u00e5de. Mini-PC:n har en m\u00e4ngd anslutningsm\u00f6jligheter, som beskrivs i detalj nedan:   <\/p>\n<ul>\n<li>Tv\u00e5 USB 3.2 Gen 1 Typ A, tv\u00e5 USB 2.0 Typ A<\/li>\n<li>USB-C med DisplayPort Alt-l\u00e4ge, 100 watt PD<\/li>\n<li>Tv\u00e5 1G Ethernet<\/li>\n<li>Tv\u00e5 HDMI-portar<\/li>\n<li>En ljudutg\u00e5ng, en ljuding\u00e5ng<\/li>\n<\/ul>\n<p>\tMini-PC:n MT-N150 har ett gediget utbud av portar, inklusive dubbla 1G Ethernet-portar och valfri 4G LTE-anslutning. <\/p>\n<p class=\"bodytext\">Tr\u00e5dl\u00f6sa anslutningsbehov kan tillgodoses med en extra Wi-Fi-\/Bluetooth-modul. Alternativ f\u00f6r 4G-mobilanslutning finns ocks\u00e5 att v\u00e4lja p\u00e5.\u00a0Mini-datorn EdgeComp MT-N150 m\u00e4ter 19,6 x 19,3 x 4,5 cm (7,72 x 7,6 x 1,77 tum) och har en volym p\u00e5 cirka 1,7 liter.<\/p>\n<p class=\"bodytext\">Som n\u00e4mnts tidigare \u00e4r produkten fr\u00e4mst avsedd f\u00f6r industriellt bruk.\u00a0Det \u00e4r inte s\u00e4rskilt f\u00f6rv\u00e5nande att prisuppgifterna inte har offentliggjorts och att de sannolikt kommer att bero p\u00e5 ordervolymen. F\u00f6r mer information kan potentiella kunder bes\u00f6ka <a href=\"https:\/\/www.biostar.com.tw\/app\/en\/ipc\/introduction_app.php?S_ID=1210\" rel=\"nofollow noopener\" target=\"_blank\">BioStars<\/a> officiella webbplats. <\/p>\n<p class=\"bodytext\">Ett m\u00f6jligt alternativ f\u00f6r vanliga konsumenter: <a href=\"https:\/\/www.amazon.com\/GMKtec-Desktop-Computer-Display-Efficient\/dp\/B0CCDL6VS3?tag=nbcnewsnet-20\" target=\"_blank\" rel=\"sponsored nofollow noopener\">GMKtec G11 mini-PC<\/a> (f\u00f6r n\u00e4rvarande 309 dollar p\u00e5 Amazon).<\/p>\n<p>\t<a href=\"\"><img decoding=\"async\" src=\"https:\/\/www.europesays.com\/se\/wp-content\/uploads\/2026\/08\/1786595896_852_csm_sambit_saha_4e205cd3c1.jpg\" loading=\"lazy\" width=\"120\" height=\"120\" alt=\"Sambit Saha\"\/><\/a><a href=\"\"><img decoding=\"async\" src=\"https:\/\/www.europesays.com\/se\/wp-content\/uploads\/2026\/08\/1786595896_290_csm_ninh_duy_ee54bf9777.jpg\" loading=\"lazy\" width=\"120\" height=\"120\" alt=\"DeepL \/ Ninh Duy\"\/><\/a>Translator: <a href=\"\" class=\"j_name\">Ninh Ngoc Duy<\/a> &#8211; Translation Sections Manager  &#8211; 822127 articles published on Notebookcheck since 2008<\/p>\n","protected":false},"excerpt":{"rendered":"\u24d8 BioStar Mini-datorn BioStar MT-N150 drivs av en fyrk\u00e4rnig Intel Twin Lake-processor. N\u00e4r det g\u00e4ller industriella minidatorer \u00e4r&hellip;\n","protected":false},"author":2,"featured_media":336658,"comment_status":"","ping_status":"","sticky":false,"template":"","format":"standard","meta":{"footnotes":"","_share_on_mastodon":"0"},"categories":[66],"tags":[7083,36945,36946,36947,36944,7084,7080,7085,80,78,79,34,31,33,32,30,81,84,83,82],"class_list":["post-336657","post","type-post","status-publish","format-standard","has-post-thumbnail","category-vetenskap-och-teknik","tag-barbar-dator","tag-booster-mt-n150","tag-intel-n150-mini-pc","tag-intel-twin-lake-mini-pc","tag-lansering-av-mini-pc","tag-laptop","tag-mini-pc","tag-notebook","tag-science","tag-science-and-technology","tag-scienceandtechnology","tag-se","tag-svenska","tag-sverige","tag-sweden","tag-swedish","tag-technology","tag-teknik","tag-vetenskap","tag-vetenskapteknik"],"share_on_mastodon":{"url":"https:\/\/pubeurope.com\/@se\/117086356767233257","error":""},"_links":{"self":[{"href":"https:\/\/www.europesays.com\/se\/wp-json\/wp\/v2\/posts\/336657","targetHints":{"allow":["GET"]}}],"collection":[{"href":"https:\/\/www.europesays.com\/se\/wp-json\/wp\/v2\/posts"}],"about":[{"href":"https:\/\/www.europesays.com\/se\/wp-json\/wp\/v2\/types\/post"}],"author":[{"embeddable":true,"href":"https:\/\/www.europesays.com\/se\/wp-json\/wp\/v2\/users\/2"}],"replies":[{"embeddable":true,"href":"https:\/\/www.europesays.com\/se\/wp-json\/wp\/v2\/comments?post=336657"}],"version-history":[{"count":0,"href":"https:\/\/www.europesays.com\/se\/wp-json\/wp\/v2\/posts\/336657\/revisions"}],"wp:featuredmedia":[{"embeddable":true,"href":"https:\/\/www.europesays.com\/se\/wp-json\/wp\/v2\/media\/336658"}],"wp:attachment":[{"href":"https:\/\/www.europesays.com\/se\/wp-json\/wp\/v2\/media?parent=336657"}],"wp:term":[{"taxonomy":"category","embeddable":true,"href":"https:\/\/www.europesays.com\/se\/wp-json\/wp\/v2\/categories?post=336657"},{"taxonomy":"post_tag","embeddable":true,"href":"https:\/\/www.europesays.com\/se\/wp-json\/wp\/v2\/tags?post=336657"}],"curies":[{"name":"wp","href":"https:\/\/api.w.org\/{rel}","templated":true}]}}