{"id":336896,"date":"2026-08-13T07:59:39","date_gmt":"2026-08-13T07:59:39","guid":{"rendered":"https:\/\/www.europesays.com\/se\/336896\/"},"modified":"2026-08-13T07:59:39","modified_gmt":"2026-08-13T07:59:39","slug":"stora-barriarrevet-visar-tecken-pa-aterhamtning","status":"publish","type":"post","link":"https:\/\/www.europesays.com\/se\/336896\/","title":{"rendered":"Stora barri\u00e4rrevet visar tecken p\u00e5 \u00e5terh\u00e4mtning"},"content":{"rendered":"<p>  <a class=\"_link_1lr5y_108\" href=\"https:\/\/aftonbladet.se\/av\/agneta-elmegard\" title=\"Agneta Elmeg\u00e5rd\" rel=\"nofollow noopener\" target=\"_blank\"><img alt=\"Bild av Agneta Elmeg\u00e5rd\" class=\"_image_1lr5y_85\" fetchpriority=\"low\" decoding=\"async\" itemprop=\"image\" loading=\"lazy\"  src=\"https:\/\/www.europesays.com\/se\/wp-content\/uploads\/2026\/08\/1786607978_988_0ec4f2aa-c7b8-4de8-b9fe-6d5e4d14ad71.png\"  width=\"480\"\/><\/a> <img alt=\"Forskning visar att Stora barri\u00e4rrevet har en betydande f\u00f6rm\u00e5ga till \u00e5terh\u00e4mtning, n\u00e4r f\u00f6rh\u00e5llandena f\u00f6rb\u00e4ttras. Om vattentemperaturen sjunker i tid kan koraller \u00e5terh\u00e4mta sig.\" class=\"_image_1jxax_84 layout-component layout-wide\" data-fullscreen- data-track-element-type=\"Article image fullscreen\" data-track-name=\"ImageFullscreen\" fetchpriority=\"high\" decoding=\"sync\" loading=\"eager\" height=\"800\" itemprop=\"image\"  src=\"https:\/\/www.europesays.com\/se\/wp-content\/uploads\/2026\/08\/e5b31145-3031-3397-85c7-21799387a8ed.jpeg\"  style=\"object-position:65.02504173622704% 45.0625%\" width=\"599\"\/>Forskning visar att Stora barri\u00e4rrevet har en betydande f\u00f6rm\u00e5ga till \u00e5terh\u00e4mtning, n\u00e4r f\u00f6rh\u00e5llandena f\u00f6rb\u00e4ttras. Om vattentemperaturen sjunker i tid kan koraller \u00e5terh\u00e4mta sig.  Foto: APVisa mer<\/p>\n<p class=\"_textTheme_16ipd_1 _lead_16k26_2 _lead_3ue4t_18 layout-component layout-normal layout-padded _lead_o6m9k_5 _leadTheme_cypwp_1 body-large bold\">Korallerna vid Stora barri\u00e4rrevet visar f\u00f6r f\u00f6rsta g\u00e5ngen p\u00e5 l\u00e4nge tecken p\u00e5 \u00e5terh\u00e4mtning.<\/p>\n<p class=\"_textTheme_16ipd_1 _lead_16k26_2 _lead_3ue4t_18 layout-component layout-normal layout-padded _lead_o6m9k_5 _leadTheme_cypwp_1 body-large bold\">Bakom v\u00e4ndningen finns paradoxalt nog sommarens kraftiga ov\u00e4der.<\/p>\n<p class=\"_textTheme_16ipd_1 _lead_16k26_2 _lead_3ue4t_18 layout-component layout-normal layout-padded _lead_o6m9k_5 _leadTheme_cypwp_1 body-large bold\">Cykloner och monsunregn har f\u00f6rt med sig moln som d\u00e4mpat v\u00e4rmen i havet.<\/p>\n<p class=\"_textTheme_16ipd_1 _paragraph_16k26_4 _paragraph_3ue4t_27 layout-component layout-normal layout-padded body-medium\">Tropiska cykloner, skyfall och monsunregn har dragit fram \u00f6ver Stora barri\u00e4rrevet under den australiska sommaren. Ov\u00e4dren har f\u00f6rt med sig en ov\u00e4ntat positiv effekt p\u00e5 den unika marina milj\u00f6n. Molnt\u00e4ckena har kylt ner vattnet och de senaste m\u00e4tningarna fr\u00e5n <a href=\"https:\/\/www.aims.gov.au\/\" class=\"_link_16k26_32\" rel=\"nofollow noopener\" target=\"_blank\">Australian Institute of Marine Science (AIMS<\/a>) visar att korallt\u00e4ckningen p\u00e5 revet till stora delar har \u00e5terh\u00e4mtat sig efter den omfattande blekning som rapporterades f\u00f6rra \u00e5ret, <a href=\"https:\/\/www.thetimes.com\/world\/australasia\/article\/fresh-hope-from-the-heavens-for-the-great-barrier-reef-k08ww7xvx\" class=\"_link_16k26_32\" rel=\"nofollow noopener\" target=\"_blank\">skriver The Times.<\/a><\/p>\n<p class=\"_textTheme_16ipd_1 _paragraph_16k26_4 _paragraph_3ue4t_27 layout-component layout-normal layout-padded body-medium\">Tack vare det \u00f6kade molnt\u00e4cket minskade solinstr\u00e5lningen och d\u00e4mpade uppbyggnaden av v\u00e4rmestress, enligt myndigheten. Samtidigt utsattes andra omr\u00e5den f\u00f6r l\u00e5ngvarigt h\u00f6ga havstemperaturer. <\/p>\n<p> <img alt=\"\" class=\"_image_1jxax_84 layout-component layout-normal\" data-fullscreen- data-track-element-type=\"Article image fullscreen\" data-track-name=\"ImageFullscreen\" decoding=\"async\" loading=\"lazy\" height=\"1992\" itemprop=\"image\"  src=\"https:\/\/www.europesays.com\/se\/wp-content\/uploads\/2026\/08\/ed357a18-96b5-3622-bd1a-49bb2ff4c67a.jpeg\"  style=\"object-position:41.82276657060518% 64.58333333333334%\" width=\"1388\"\/> Foto: Brian Cassey \/ AP TT NYHETSBYR NVisa mer Flera tuffa \u00e5r <\/p>\n<p class=\"_textTheme_16ipd_1 _paragraph_16k26_4 _paragraph_3ue4t_27 layout-component layout-normal layout-padded body-medium\">Den optimistiska bed\u00f6mningen av revets \u00f6verlevnad v\u00e4lkomnas av AIMS, som samtidigt varnar f\u00f6r att hotet fr\u00e5n klimatf\u00f6r\u00e4ndringarna inte f\u00e5r ignoreras.<\/p>\n<p class=\"_textTheme_16ipd_1 _paragraph_16k26_4 _paragraph_3ue4t_27 layout-component layout-normal layout-padded body-medium\">\u2013 Vi kan absolut inte ta detta f\u00f6r givet. I st\u00e4llet m\u00e5ste vi agera skyndsamt f\u00f6r att minska v\u00e5ra koldioxidutsl\u00e4pp och begr\u00e4nsa klimatf\u00f6r\u00e4ndringarna, s\u00e4ger marinforskaren Peter Ridd till The Times.<\/p>\n<p class=\"_textTheme_16ipd_1 _paragraph_16k26_4 _paragraph_3ue4t_27 layout-component layout-normal layout-padded body-medium\">Beskeden om \u00e5terh\u00e4mtning kommer efter flera tuffa \u00e5r. Sommaren 2024 drabbades Stora barri\u00e4rrevet av den mest geografiskt omfattande massblekning som hittills registrerats. \u00c5ret d\u00e4rp\u00e5 kunde Australian Institute of Marine Science, AIMS, konstatera kraftiga minskningar av korallt\u00e4ckningen. I de norra delarna minskade den med omkring 25 procent och i de s\u00f6dra med drygt 30 procent j\u00e4mf\u00f6rt med \u00e5ret f\u00f6re. Den extrema v\u00e4rmen var den fr\u00e4msta orsaken, men \u00e4ven cykloner och den korall\u00e4tande sj\u00f6stj\u00e4rnan t\u00f6rnekrona har bidragit.<\/p>\n","protected":false},"excerpt":{"rendered":"Forskning visar att Stora barri\u00e4rrevet har en betydande f\u00f6rm\u00e5ga till \u00e5terh\u00e4mtning, n\u00e4r f\u00f6rh\u00e5llandena f\u00f6rb\u00e4ttras. Om vattentemperaturen sjunker i&hellip;\n","protected":false},"author":2,"featured_media":336897,"comment_status":"","ping_status":"","sticky":false,"template":"","format":"standard","meta":{"footnotes":"","_share_on_mastodon":"0"},"categories":[14],"tags":[450,22,23,26,27,17,21,528,6032,24,25,28,29,15,16,18,34,37009,31,33,32,30,19,20,51,52,53,54],"class_list":["post-336896","post","type-post","status-publish","format-standard","has-post-thumbnail","category-varlden","tag-australien","tag-breaking-news","tag-breakingnews","tag-featured-news","tag-featurednews","tag-headlines","tag-huvudnyheter","tag-klimat-miljo","tag-klimatforandringar","tag-latest-news","tag-latestnews","tag-main-news","tag-mainnews","tag-news","tag-nyheter","tag-rubriker","tag-se","tag-stora-barriarrevet","tag-svenska","tag-sverige","tag-sweden","tag-swedish","tag-top-stories","tag-topstories","tag-varlden","tag-world","tag-world-news","tag-worldnews"],"share_on_mastodon":{"url":"https:\/\/pubeurope.com\/@se\/117087146993188868","error":""},"_links":{"self":[{"href":"https:\/\/www.europesays.com\/se\/wp-json\/wp\/v2\/posts\/336896","targetHints":{"allow":["GET"]}}],"collection":[{"href":"https:\/\/www.europesays.com\/se\/wp-json\/wp\/v2\/posts"}],"about":[{"href":"https:\/\/www.europesays.com\/se\/wp-json\/wp\/v2\/types\/post"}],"author":[{"embeddable":true,"href":"https:\/\/www.europesays.com\/se\/wp-json\/wp\/v2\/users\/2"}],"replies":[{"embeddable":true,"href":"https:\/\/www.europesays.com\/se\/wp-json\/wp\/v2\/comments?post=336896"}],"version-history":[{"count":0,"href":"https:\/\/www.europesays.com\/se\/wp-json\/wp\/v2\/posts\/336896\/revisions"}],"wp:featuredmedia":[{"embeddable":true,"href":"https:\/\/www.europesays.com\/se\/wp-json\/wp\/v2\/media\/336897"}],"wp:attachment":[{"href":"https:\/\/www.europesays.com\/se\/wp-json\/wp\/v2\/media?parent=336896"}],"wp:term":[{"taxonomy":"category","embeddable":true,"href":"https:\/\/www.europesays.com\/se\/wp-json\/wp\/v2\/categories?post=336896"},{"taxonomy":"post_tag","embeddable":true,"href":"https:\/\/www.europesays.com\/se\/wp-json\/wp\/v2\/tags?post=336896"}],"curies":[{"name":"wp","href":"https:\/\/api.w.org\/{rel}","templated":true}]}}