{"id":33695,"date":"2025-09-18T19:25:10","date_gmt":"2025-09-18T19:25:10","guid":{"rendered":"https:\/\/www.europesays.com\/se\/33695\/"},"modified":"2025-09-18T19:25:10","modified_gmt":"2025-09-18T19:25:10","slug":"larmet-fran-fronten-sjukdomar-sprids-snabbt-varlden","status":"publish","type":"post","link":"https:\/\/www.europesays.com\/se\/33695\/","title":{"rendered":"Larmet fr\u00e5n fronten: Sjukdomar sprids snabbt | V\u00e4rlden"},"content":{"rendered":"<p>Publicerad 18 sep 2025 kl 19.53Uppdaterad kl 20.41<\/p>\n<p>Kroniskt sjuka soldater fyller de ryska skyttegravarna i Ukraina.<\/p>\n<p>De sv\u00e5rt sjuka tvingas b\u00e4ra armbindlar som visar vad de lider av \u2013 och f\u00e5r i uppgift att f\u00f6rsvara sina positioner.<\/p>\n<p>Samtidigt som sjukdomarna sprids blir bristen p\u00e5 medicin alltmer p\u00e5taglig.\u00a0<\/p>\n<p><img   alt=\"\"\/><\/p>\n<p>Allvarliga och kroniska sjukdomar sprids i de ryska skyttegravarna. Bilden \u00e4r en arkivbild och f\u00f6rest\u00e4ller ukrainska soldater.<\/p>\n<p>Foto: Ashley Chan \/ ZUMA\/IBL<\/p>\n<p>\u00d6ppna bild i helsk\u00e4rm<img loading=\"lazy\"   alt=\"\"\/><\/p>\n<p>Det r\u00e5der ocks\u00e5 stor brist p\u00e5 medicin och sterila sprutor. Bilden \u00e4r en arkivbild och f\u00f6rest\u00e4ller ukrainska soldater.<\/p>\n<p>Foto: Titov Yevhen \/ SHUTTERSTOCK EDITORIAL\/ IBL<\/p>\n<p>\u00d6ppna bild i helsk\u00e4rmARTIKELN I KORTHET<\/p>\n<p> Kroniskt sjuka soldater d\u00f6ljer diagnoser f\u00f6r att bli antagna, vilket lett till omfattande smittspridning.<\/p>\n<p> Vissa enheter fylls med soldater f\u00f6r \u201dbegr\u00e4nsad tj\u00e4nstg\u00f6ring\u201d, som tvingas b\u00e4ra armbindlar med sina sjukdomar.<\/p>\n<p> Brist p\u00e5 mediciner, hygien och rent vatten f\u00f6rv\u00e4rrar l\u00e4get \u2013 tuberkulos sprids snabbt.<\/p>\n<p> M\u00e5nga rekryter \u00e4r tidigare interner eller missbrukare.<\/p>\n<p> Enligt rysk data hade hiv-diagnoserna \u00f6kat tjugofalt redan i slutet av 2023.<\/p>\n<p>Visa mer<\/p>\n<p>F\u00f6r att inte g\u00e5 miste om de stora summor pengar rekryter f\u00e5r d\u00f6ljer m\u00e5nga av dem sina diagnoser vid inskrivningen. F\u00f6ljden har blivit en enorm smittspridning av kroniska sjukdomar i de ryska skyttegravarna vid frontlinjen. Samtidigt k\u00e4mpar milit\u00e4rsjukhusen med ett stort underskott p\u00e5 allt, fr\u00e5n enkla mediciner till sterila sprutor.\u00a0<\/p>\n<p>Den pro-ryska milit\u00e4rbloggaren Anastasija Kasjevarova skriver p\u00e5 Telegram att de sjuka placeras i separata enheter f\u00f6r att f\u00f6rhindra vidare smittspridning, uppger ryska oberoende<a href=\"https:\/\/novayagazeta.eu\/articles\/2025\/09\/12\/germ-warfare-en\" rel=\"nofollow noopener\" target=\"_blank\"> Novaja Gazeta<\/a>. I minst ett milit\u00e4rdistrikt ska ledningen ha utf\u00e4rdat order om att bilda en enhet med soldater som bara \u00e4r l\u00e4mpliga f\u00f6r \u201dbegr\u00e4nsad tj\u00e4nstg\u00f6ring\u201d. De utpekade soldaterna tvingas b\u00e4ra armbindlar som markerar exakt vad de lider av, samtidigt som de f\u00e5r i uppgift att endast f\u00f6rsvara positionerna.\u00a0<\/p>\n<p>Hon varnar \u00e4ven f\u00f6r att sjukdomarna mycket v\u00e4l kan spridas tillbaka, djupt in i det ryska samh\u00e4llet.\u00a0<\/p>\n<p>Tidigare interner och missbrukare<\/p>\n<p>En rysk milit\u00e4rl\u00e4kare, som Novaja Gazeta kallar f\u00f6r Jevgenij Rybakov, vittnar om en liknande utveckling. Han s\u00e4ger att en betydande andel av den ryska arm\u00e9n nu best\u00e5r av tidigare interner, narkotikamissbrukare och andra marginaliserade grupper. De kommer dessutom ofta fr\u00e5n omr\u00e5den i Donetsk eller Luhansk som varit ockuperade av <a href=\"https:\/\/www.expressen.se\/tagg\/location\/ryssland\/\" class=\"\" rel=\"nofollow noopener\" target=\"_blank\">Ryssland<\/a> sedan 2014 och som saknat fungerande sjukv\u00e5rd sedan dess.<\/p>\n<p>\u2013 M\u00e5nga av dessa rekryter lever med hiv, hepatit eller andra kroniska sjukdomar, s\u00e4ger Rybakov.<\/p>\n<p>Han bekr\u00e4ftar att spridningen av skyttegravssjukdomar, s\u00e4rskilt tuberkulos, \u00e4r omfattande p\u00e5 grund av tr\u00e4ngsel, bristande hygien och brist p\u00e5 rent vatten. D\u00e5lig mat och extrem stress hj\u00e4lper inte heller immunf\u00f6rsvaret, konstaterar han.\u00a0<\/p>\n<p>I en granskning av oberoende <a href=\"https:\/\/verstka.media\/chislo-zaregistrirovannyh-sluchaev-vich-v-rossiyskoy-armii-rezko-vyroslo-posle-nachala-voiny-v-ukraine-news\" rel=\"nofollow noopener\" target=\"_blank\">Verstka<\/a>, som anv\u00e4nde f\u00f6rsvarsdepartementets egen data, sl\u00e5r man ocks\u00e5 fast att antalet hiv-diagnoser redan i slutet av 2023 \u00f6kat tjugofalt sedan innan den fullskaliga invasionen. De varnade samtidigt f\u00f6r att de verkliga siffrorna kunde vara betydligt h\u00f6gre.\u00a0<\/p>\n","protected":false},"excerpt":{"rendered":"Publicerad 18 sep 2025 kl 19.53Uppdaterad kl 20.41 Kroniskt sjuka soldater fyller de ryska skyttegravarna i Ukraina. De&hellip;\n","protected":false},"author":2,"featured_media":33696,"comment_status":"","ping_status":"","sticky":false,"template":"","format":"standard","meta":{"footnotes":""},"categories":[14],"tags":[22,23,26,27,17,21,24,25,274,202,28,29,15,16,18,34,55,31,33,32,30,19,688,60,20,51,52,53,54],"class_list":{"0":"post-33695","1":"post","2":"type-post","3":"status-publish","4":"format-standard","5":"has-post-thumbnail","7":"category-varlden","8":"tag-breaking-news","9":"tag-breakingnews","10":"tag-featured-news","11":"tag-featurednews","12":"tag-headlines","13":"tag-huvudnyheter","14":"tag-latest-news","15":"tag-latestnews","16":"tag-location-ryssland","17":"tag-location-ukraina","18":"tag-main-news","19":"tag-mainnews","20":"tag-news","21":"tag-nyheter","22":"tag-rubriker","23":"tag-se","24":"tag-sections-varlden","25":"tag-svenska","26":"tag-sverige","27":"tag-sweden","28":"tag-swedish","29":"tag-top-stories","30":"tag-topic-halsa-sjukvard","31":"tag-topic-krig-konflikt","32":"tag-topstories","33":"tag-varlden","34":"tag-world","35":"tag-world-news","36":"tag-worldnews"},"share_on_mastodon":{"url":"","error":""},"_links":{"self":[{"href":"https:\/\/www.europesays.com\/se\/wp-json\/wp\/v2\/posts\/33695","targetHints":{"allow":["GET"]}}],"collection":[{"href":"https:\/\/www.europesays.com\/se\/wp-json\/wp\/v2\/posts"}],"about":[{"href":"https:\/\/www.europesays.com\/se\/wp-json\/wp\/v2\/types\/post"}],"author":[{"embeddable":true,"href":"https:\/\/www.europesays.com\/se\/wp-json\/wp\/v2\/users\/2"}],"replies":[{"embeddable":true,"href":"https:\/\/www.europesays.com\/se\/wp-json\/wp\/v2\/comments?post=33695"}],"version-history":[{"count":0,"href":"https:\/\/www.europesays.com\/se\/wp-json\/wp\/v2\/posts\/33695\/revisions"}],"wp:featuredmedia":[{"embeddable":true,"href":"https:\/\/www.europesays.com\/se\/wp-json\/wp\/v2\/media\/33696"}],"wp:attachment":[{"href":"https:\/\/www.europesays.com\/se\/wp-json\/wp\/v2\/media?parent=33695"}],"wp:term":[{"taxonomy":"category","embeddable":true,"href":"https:\/\/www.europesays.com\/se\/wp-json\/wp\/v2\/categories?post=33695"},{"taxonomy":"post_tag","embeddable":true,"href":"https:\/\/www.europesays.com\/se\/wp-json\/wp\/v2\/tags?post=33695"}],"curies":[{"name":"wp","href":"https:\/\/api.w.org\/{rel}","templated":true}]}}