{"id":336998,"date":"2026-08-13T09:28:30","date_gmt":"2026-08-13T09:28:30","guid":{"rendered":"https:\/\/www.europesays.com\/se\/336998\/"},"modified":"2026-08-13T09:28:30","modified_gmt":"2026-08-13T09:28:30","slug":"henrik-rydstrom-infor-returen-mot-rakow-vi-vill-satta-tonen","status":"publish","type":"post","link":"https:\/\/www.europesays.com\/se\/336998\/","title":{"rendered":"Henrik Rydstr\u00f6m inf\u00f6r returen mot Rak\u00f3w: \u201dVi vill s\u00e4tta tonen\u201d"},"content":{"rendered":"<p><strong>Hammarby har ett bra utg\u00e5ngsl\u00e4ge inf\u00f6r returen mot Rak\u00f3w.<\/strong><\/p>\n<p><strong>Men Henrik Rydstr\u00f6m vill inte g\u00f6ra om misstagen fr\u00e5n Anderlecht \u2013 och hintar om att det blir ett annat Bajen p\u00e5 hemmaplan.<\/strong><\/p>\n<p><strong>\u2013 Vi har alltid som ambition att g\u00e5 fram\u00e5t, s\u00e4ger tr\u00e4naren.<\/strong><\/p>\n<p class=\"text\">Annons<\/p>\n<p>    <a href=\"\" target=\"_blank\" class=\"fotbollsthlm-ad-link\"><br \/>\n        <img decoding=\"async\" src=\"\" class=\"image-mobile\"\/><br \/>\n        <img decoding=\"async\" src=\"\" class=\"image-desktop\"\/><br \/>\n    <\/a><\/p>\n<p>Hammarby befinner sig p\u00e5 en bra plats just nu. I helgen k\u00f6rde laget \u00f6ver BK H\u00e4cken, trots att Henrik Rydstr\u00f6m valde att rotera i startelvan. Det g\u00f6r att Bajen g\u00e5r in i torsdagens avg\u00f6rande m\u00f6te med polska Rak\u00f3w i Europa Conference Leagues tredje kvalomg\u00e5ng med gott sj\u00e4lvf\u00f6rtroende.<\/p>\n<p>\u2013 Vi vet att vi \u00e4r starka hemma och fick med oss en situation till hemmamatchen som vi \u00e4r n\u00f6jda med. Vi s\u00e5g att Rak\u00f3w har kvaliteter och vet att de har sina fasta situationer, men vi \u00e4r trygga med vad vi kan g\u00f6ra hemma. Samtidigt \u00e4r det en l\u00e5ng match. Vi vill s\u00e4tta tonen och vara styrande, men vi m\u00f6ter en motst\u00e5ndare som ocks\u00e5 kan \u00e4ga bollen.<\/p>\n<p>Inf\u00f6r returen mot Anderlecht befann sig Hammarby i en liknande sits som nu. \u00c4ven d\u00e5 hade Bajen med sig ett oavgjort resultat, men en svag andra halvlek skickade laget ur Europa League. Nu hoppas Henrik Rydstr\u00f6m att historien inte ska upprepa sig.<\/p>\n<p>\u2013 Mycket i mitt ledarskap handlar om att g\u00f6ra spelarna medvetna. Det handlar inte alltid om att l\u00e4ra dem s\u00e5 mycket fotboll. Jag har gjort mina misstag genom \u00e5ren. Det \u00e4r mycket av det jag nu predikar. Jag minns en match med Kalmar mot Feyenoord borta d\u00e4r vi var fega som fan. Vi vann men jag alibi-spelade hela matchen. Jag kommer fortfarande ih\u00e5g den k\u00e4nslan och vill inte att spelarna ska k\u00e4nna s\u00e5. Men man vet aldrig. Det \u00e4r det psykologiska spelet som s\u00e4tts in. Bara att vi gick igenom det mot Anderlecht och pratade om det g\u00f6r att vi \u00e4r b\u00e4ttre rustade.<\/p>\n<p><strong>I f\u00f6rsta m\u00f6tet spelade ni med fembackslinje och ingen riktig utpr\u00e4glad nia. Hur planerar du att ta dig an matchen h\u00e4r p\u00e5 hemmaplan?<\/strong><\/p>\n<p>\u2013 Det \u00e4r j\u00e4kligt roligt att vara tr\u00e4nare f\u00f6r den h\u00e4r spelargruppen. Om vi vill vrida p\u00e5 saker ser inte gruppen det som ett problem. I andra milj\u00f6er har det kunnat vara att man m\u00e5ste ha ett s\u00e4tt och att man alltid g\u00f6r s\u00e5. Vi fr\u00e5ng\u00e5r inte v\u00e5ra principer, \u00e4ven om vi spelar femback eller fyrback. Vi vill vara flexibla. Det kan handla om vilka spelare som \u00e4r i form och var motst\u00e5ndarna har sina hot. Men vi f\u00e5r se hur vi vrider p\u00e5 det. Vi har fler och fler offensiva spelare som \u00e4r i bra form och det \u00e4r klart att vi vill anv\u00e4nda oss av dem. Men det kan ocks\u00e5 vara att man g\u00f6r det i ett senare skede av matchen.<\/p>\n<p>Rydstr\u00f6m forts\u00e4tter:<\/p>\n<p>\u2013 Vi l\u00e4t de ha bollen och d\u00e5 slutade mycket med en l\u00e4ngre boll. De kommer att kliva h\u00f6gt i perioder, men deras DNA har snarare varit att ligga i 5-4-1 och v\u00e4nta p\u00e5 l\u00e4get. Det som \u00e4r bra med det \u00e4r att vi \u00e4r vana vid det. Vi tar steg i att bryta ner den typen av f\u00f6rsvarsspel. Det kommer att bli en annan matchbild. Vi vill vara det laget som f\u00f6rs\u00f6ker och alltid har som ambition att g\u00e5 fram\u00e5t.<\/p>\n<p><strong>Det \u00e4r m\u00e5nga spelare, som kanske inte har spelat lika mycket i \u00e5r, som tagit chansen de senaste veckorna. Blir laguttagningen extra sv\u00e5r i morgon?<\/strong><\/p>\n<p>\u2013 Ja. Jag vill att spelare ska kunna spela sig in i en elva. Det m\u00e5ste finnas n\u00e5gon form av substans i tr\u00e4ningar och matcher. Jag f\u00f6rs\u00f6ker leda laget p\u00e5 det s\u00e4ttet att du kan starta och sen startar du inte, och det \u00e4r inget konstigt med det. Det beh\u00f6ver inte ha att g\u00f6ra med att du har varit d\u00e5lig. Det \u00e4r alltid bra n\u00e4r spelare presterar bra s\u00e5 det blir lite sv\u00e5rare och roligare.<\/p>\n","protected":false},"excerpt":{"rendered":"Hammarby har ett bra utg\u00e5ngsl\u00e4ge inf\u00f6r returen mot Rak\u00f3w. Men Henrik Rydstr\u00f6m vill inte g\u00f6ra om misstagen fr\u00e5n&hellip;\n","protected":false},"author":2,"featured_media":336999,"comment_status":"","ping_status":"","sticky":false,"template":"","format":"standard","meta":{"footnotes":"","_share_on_mastodon":"0"},"categories":[5],"tags":[22,23,26,27,3712,17,4263,21,24,25,28,29,15,16,18,34,31,33,32,30,19,20],"class_list":["post-336998","post","type-post","status-publish","format-standard","has-post-thumbnail","category-rubriker","tag-breaking-news","tag-breakingnews","tag-featured-news","tag-featurednews","tag-hammarby","tag-headlines","tag-henrik-rydstrom","tag-huvudnyheter","tag-latest-news","tag-latestnews","tag-main-news","tag-mainnews","tag-news","tag-nyheter","tag-rubriker","tag-se","tag-svenska","tag-sverige","tag-sweden","tag-swedish","tag-top-stories","tag-topstories"],"share_on_mastodon":{"url":"https:\/\/pubeurope.com\/@se\/117087496220395131","error":""},"_links":{"self":[{"href":"https:\/\/www.europesays.com\/se\/wp-json\/wp\/v2\/posts\/336998","targetHints":{"allow":["GET"]}}],"collection":[{"href":"https:\/\/www.europesays.com\/se\/wp-json\/wp\/v2\/posts"}],"about":[{"href":"https:\/\/www.europesays.com\/se\/wp-json\/wp\/v2\/types\/post"}],"author":[{"embeddable":true,"href":"https:\/\/www.europesays.com\/se\/wp-json\/wp\/v2\/users\/2"}],"replies":[{"embeddable":true,"href":"https:\/\/www.europesays.com\/se\/wp-json\/wp\/v2\/comments?post=336998"}],"version-history":[{"count":0,"href":"https:\/\/www.europesays.com\/se\/wp-json\/wp\/v2\/posts\/336998\/revisions"}],"wp:featuredmedia":[{"embeddable":true,"href":"https:\/\/www.europesays.com\/se\/wp-json\/wp\/v2\/media\/336999"}],"wp:attachment":[{"href":"https:\/\/www.europesays.com\/se\/wp-json\/wp\/v2\/media?parent=336998"}],"wp:term":[{"taxonomy":"category","embeddable":true,"href":"https:\/\/www.europesays.com\/se\/wp-json\/wp\/v2\/categories?post=336998"},{"taxonomy":"post_tag","embeddable":true,"href":"https:\/\/www.europesays.com\/se\/wp-json\/wp\/v2\/tags?post=336998"}],"curies":[{"name":"wp","href":"https:\/\/api.w.org\/{rel}","templated":true}]}}