{"id":33721,"date":"2025-09-18T20:00:10","date_gmt":"2025-09-18T20:00:10","guid":{"rendered":"https:\/\/www.europesays.com\/se\/33721\/"},"modified":"2025-09-18T20:00:10","modified_gmt":"2025-09-18T20:00:10","slug":"usa-lagger-veto-mot-fn-krav-pa-vapenvila-igen","status":"publish","type":"post","link":"https:\/\/www.europesays.com\/se\/33721\/","title":{"rendered":"USA l\u00e4gger veto mot FN-krav p\u00e5 vapenvila \u2013 igen"},"content":{"rendered":"<p>USA har \u00e4n en g\u00e5ng lagt in sitt veto mot en resolution i FN:s s\u00e4kerhetsr\u00e5d om omedelbar och permanent vapenvila i Gaza, rapporterar AP. Denna g\u00e5ng ingick frigivande av gisslan i resolutionen som USA kr\u00e4vde sist landet la sitt veto. Nu anser USA att resolutionens skrivning inte f\u00f6rd\u00f6mde Hamas tillr\u00e4ckligt, enligt Reuters. <\/p>\n<p>Samtliga \u00f6vriga 14 l\u00e4nder i r\u00e5det r\u00f6stade f\u00f6r resolutionen, som beskriver den humanit\u00e4ra situationen i Gaza som katastrofal och uppmanar Israel att sluta hindra n\u00f6dhj\u00e4lp fr\u00e5n att komma fram. <\/p>\n<p>Omni \u00e4r politiskt obundna och oberoende. Vi str\u00e4var efter att ge fler perspektiv p\u00e5 nyheterna. Har du fr\u00e5gor eller synpunkter kring v\u00e5r rapportering? <a href=\"https:\/\/omni.se\/usa-lagger-veto-mot-fn-krav-pa-vapenvila-igen\/a\/mailto:redaktion@omni.se\" class=\"ArticleActions_contactLink__W2F1M\" rel=\"nofollow noopener\" target=\"_blank\">Kontakta redaktionen<\/a><\/p>\n","protected":false},"excerpt":{"rendered":"USA har \u00e4n en g\u00e5ng lagt in sitt veto mot en resolution i FN:s s\u00e4kerhetsr\u00e5d om omedelbar och&hellip;\n","protected":false},"author":2,"featured_media":33722,"comment_status":"","ping_status":"","sticky":false,"template":"","format":"standard","meta":{"footnotes":""},"categories":[5],"tags":[22,23,26,27,2150,3637,2151,121,122,17,21,342,24,25,28,29,124,125,15,268,16,18,34,31,33,32,30,19,20,74],"class_list":{"0":"post-33721","1":"post","2":"type-post","3":"status-publish","4":"format-standard","5":"has-post-thumbnail","7":"category-rubriker","8":"tag-breaking-news","9":"tag-breakingnews","10":"tag-featured-news","11":"tag-featurednews","12":"tag-fn","13":"tag-fns-sakerhetsrad","14":"tag-forenta-nationerna","15":"tag-gaza","16":"tag-hamas","17":"tag-headlines","18":"tag-huvudnyheter","19":"tag-israel","20":"tag-latest-news","21":"tag-latestnews","22":"tag-main-news","23":"tag-mainnews","24":"tag-mellanostern","25":"tag-mellanosternkrisen","26":"tag-news","27":"tag-nordamerika","28":"tag-nyheter","29":"tag-rubriker","30":"tag-se","31":"tag-svenska","32":"tag-sverige","33":"tag-sweden","34":"tag-swedish","35":"tag-top-stories","36":"tag-topstories","37":"tag-usa"},"share_on_mastodon":{"url":"","error":""},"_links":{"self":[{"href":"https:\/\/www.europesays.com\/se\/wp-json\/wp\/v2\/posts\/33721","targetHints":{"allow":["GET"]}}],"collection":[{"href":"https:\/\/www.europesays.com\/se\/wp-json\/wp\/v2\/posts"}],"about":[{"href":"https:\/\/www.europesays.com\/se\/wp-json\/wp\/v2\/types\/post"}],"author":[{"embeddable":true,"href":"https:\/\/www.europesays.com\/se\/wp-json\/wp\/v2\/users\/2"}],"replies":[{"embeddable":true,"href":"https:\/\/www.europesays.com\/se\/wp-json\/wp\/v2\/comments?post=33721"}],"version-history":[{"count":0,"href":"https:\/\/www.europesays.com\/se\/wp-json\/wp\/v2\/posts\/33721\/revisions"}],"wp:featuredmedia":[{"embeddable":true,"href":"https:\/\/www.europesays.com\/se\/wp-json\/wp\/v2\/media\/33722"}],"wp:attachment":[{"href":"https:\/\/www.europesays.com\/se\/wp-json\/wp\/v2\/media?parent=33721"}],"wp:term":[{"taxonomy":"category","embeddable":true,"href":"https:\/\/www.europesays.com\/se\/wp-json\/wp\/v2\/categories?post=33721"},{"taxonomy":"post_tag","embeddable":true,"href":"https:\/\/www.europesays.com\/se\/wp-json\/wp\/v2\/tags?post=33721"}],"curies":[{"name":"wp","href":"https:\/\/api.w.org\/{rel}","templated":true}]}}