{"id":337578,"date":"2026-08-13T17:04:15","date_gmt":"2026-08-13T17:04:15","guid":{"rendered":"https:\/\/www.europesays.com\/se\/337578\/"},"modified":"2026-08-13T17:04:15","modified_gmt":"2026-08-13T17:04:15","slug":"edvin-ryding-klar-for-heated-rivalry","status":"publish","type":"post","link":"https:\/\/www.europesays.com\/se\/337578\/","title":{"rendered":"Edvin Ryding klar f\u00f6r \u201dHeated Rivalry\u201d"},"content":{"rendered":"<p>  <a class=\"_link_1lr5y_108\" href=\"https:\/\/aftonbladet.se\/av\/nora-fernstedt\" title=\"Nora Fernstedt\" rel=\"nofollow noopener\" target=\"_blank\"><img alt=\"Bild av Nora Fernstedt\" class=\"_image_1lr5y_85\" fetchpriority=\"low\" decoding=\"async\" itemprop=\"image\" loading=\"lazy\"  src=\"https:\/\/www.europesays.com\/se\/wp-content\/uploads\/2026\/08\/1786640655_943_4898f780-21e5-4fc9-aaf6-8b2690fbf32e.png\"  width=\"480\"\/><\/a> <img alt=\"Edvin Ryding.\" class=\"_image_1jxax_84 layout-component layout-wide\" data-fullscreen- data-track-element-type=\"Article image fullscreen\" data-track-name=\"ImageFullscreen\" fetchpriority=\"high\" decoding=\"sync\" loading=\"eager\" height=\"1827\" itemprop=\"image\"  src=\"https:\/\/www.europesays.com\/se\/wp-content\/uploads\/2026\/08\/faf996db-0602-3073-a712-12d854441646.jpeg\"  style=\"object-position:0% 0%\" width=\"1895\"\/>Edvin Ryding.  Foto: Peter Wixtr\u00f6m \/ AftonbladetVisa mer<\/p>\n<p class=\"_textTheme_16ipd_1 _lead_16k26_2 _lead_3ue4t_18 layout-component layout-normal layout-padded _lead_o6m9k_5 _leadTheme_cypwp_1 body-large bold\">Edvin Rydings internationella framg\u00e5ngar forts\u00e4tter<\/p>\n<p class=\"_textTheme_16ipd_1 _lead_16k26_2 _lead_3ue4t_18 layout-component layout-normal layout-padded _lead_o6m9k_5 _leadTheme_cypwp_1 body-large bold\">Nu \u00e4r 23-\u00e5ringen klar f\u00f6r s\u00e4song tv\u00e5 av \u201dHeated Rivalry\u201d.<\/p>\n<p class=\"_textTheme_16ipd_1 _paragraph_16k26_4 _paragraph_3ue4t_27 layout-component layout-normal layout-padded body-medium\">F\u00f6rsta s\u00e4songen av hockeyk\u00e4rleksdramat \u201dHeated Rivalry\u201d, som hade svensk premi\u00e4r i januari, blev en stor succ\u00e9.<\/p>\n<p class=\"_textTheme_16ipd_1 _paragraph_16k26_4 _paragraph_3ue4t_27 layout-component layout-normal layout-padded body-medium\">V\u00e5ren 2027 kommer s\u00e4song tv\u00e5 \u2013 med en svensk stj\u00e4rna i en av birollerna.<\/p>\n<p class=\"_textTheme_16ipd_1 _paragraph_16k26_4 _paragraph_3ue4t_27 layout-component layout-normal layout-padded body-medium\"><strong class=\"_strong_16k26_20\">Edvin Ryding<\/strong>, 23, kommer att g\u00f6ra rollen som Luca Haas, skriver Warner Bros Sweden i ett pressmeddelande.<\/p>\n<p class=\"_textTheme_16ipd_1 _paragraph_16k26_4 _paragraph_3ue4t_27 layout-component layout-normal layout-padded body-medium\">Han f\u00e5r s\u00e4llskap av ytterligare fyra nya sk\u00e5despelare: <strong class=\"_strong_16k26_20\">Emily Hampshire, Robert Naylor, Sabrina Jalees <\/strong>och<strong class=\"_strong_16k26_20\"> Priyanka<\/strong>.<\/p>\n<p class=\"_textTheme_16ipd_1 _paragraph_16k26_4 _paragraph_3ue4t_27 layout-component layout-normal layout-padded body-medium\">Ryding slog igenom i Netflix-serien \u201dYoung Royals\u201d som gjorde internationell succ\u00e9. D\u00e4refter har han gjort Hollywoodkarri\u00e4r med roller i filmerna \u201d28 years later\u201d och \u201dHunger Games \u2013 Sunrise of the Reaping\u201d.<\/p>\n","protected":false},"excerpt":{"rendered":"Edvin Ryding. Foto: Peter Wixtr\u00f6m \/ AftonbladetVisa mer Edvin Rydings internationella framg\u00e5ngar forts\u00e4tter Nu \u00e4r 23-\u00e5ringen klar f\u00f6r&hellip;\n","protected":false},"author":2,"featured_media":337579,"comment_status":"","ping_status":"","sticky":false,"template":"","format":"standard","meta":{"footnotes":"","_share_on_mastodon":"0"},"categories":[67],"tags":[37112,104,37113,34,31,33,32,30,105],"class_list":["post-337578","post","type-post","status-publish","format-standard","has-post-thumbnail","category-underhallning","tag-edvin-ryding","tag-entertainment","tag-heated-rivalry-tv-serie","tag-se","tag-svenska","tag-sverige","tag-sweden","tag-swedish","tag-underhallning"],"share_on_mastodon":{"url":"https:\/\/pubeurope.com\/@se\/117089289892482726","error":""},"_links":{"self":[{"href":"https:\/\/www.europesays.com\/se\/wp-json\/wp\/v2\/posts\/337578","targetHints":{"allow":["GET"]}}],"collection":[{"href":"https:\/\/www.europesays.com\/se\/wp-json\/wp\/v2\/posts"}],"about":[{"href":"https:\/\/www.europesays.com\/se\/wp-json\/wp\/v2\/types\/post"}],"author":[{"embeddable":true,"href":"https:\/\/www.europesays.com\/se\/wp-json\/wp\/v2\/users\/2"}],"replies":[{"embeddable":true,"href":"https:\/\/www.europesays.com\/se\/wp-json\/wp\/v2\/comments?post=337578"}],"version-history":[{"count":0,"href":"https:\/\/www.europesays.com\/se\/wp-json\/wp\/v2\/posts\/337578\/revisions"}],"wp:featuredmedia":[{"embeddable":true,"href":"https:\/\/www.europesays.com\/se\/wp-json\/wp\/v2\/media\/337579"}],"wp:attachment":[{"href":"https:\/\/www.europesays.com\/se\/wp-json\/wp\/v2\/media?parent=337578"}],"wp:term":[{"taxonomy":"category","embeddable":true,"href":"https:\/\/www.europesays.com\/se\/wp-json\/wp\/v2\/categories?post=337578"},{"taxonomy":"post_tag","embeddable":true,"href":"https:\/\/www.europesays.com\/se\/wp-json\/wp\/v2\/tags?post=337578"}],"curies":[{"name":"wp","href":"https:\/\/api.w.org\/{rel}","templated":true}]}}