{"id":337864,"date":"2026-08-13T21:46:28","date_gmt":"2026-08-13T21:46:28","guid":{"rendered":"https:\/\/www.europesays.com\/se\/337864\/"},"modified":"2026-08-13T21:46:28","modified_gmt":"2026-08-13T21:46:28","slug":"skarpt-eldningsforbud-i-strangnas-kommun","status":"publish","type":"post","link":"https:\/\/www.europesays.com\/se\/337864\/","title":{"rendered":"Sk\u00e4rpt eldningsf\u00f6rbud i Str\u00e4ngn\u00e4s kommun"},"content":{"rendered":"<p class=\"font-normal\">F\u00f6rbudet g\u00e4ller tills vidare. Det upph\u00f6r n\u00e4r r\u00e4ddningschefen meddelar det.<\/p>\n<p>Det h\u00e4r f\u00e5r du inte g\u00f6ra<\/p>\n<p class=\"font-normal\">Du f\u00e5r inte:<\/p>\n<ul class=\" sol-bullet-list font-normal\">\n<li>elda i skog och mark<\/li>\n<li>grilla i skog och mark<\/li>\n<li>br\u00e4nna i skog och mark<\/li>\n<li>anv\u00e4nda pyroteknik i skog och mark<\/li>\n<li>f\u00f6rbr\u00e4nna gas eller v\u00e4tska i skog och mark<\/li>\n<li>elda i sammanh\u00e5llen bebyggelse<\/li>\n<li>grilla vid fasta grillplatser p\u00e5 allm\u00e4n plats.<\/li>\n<\/ul>\n<p>Det h\u00e4r f\u00e5r du g\u00f6ra<\/p>\n<p class=\"font-normal\">Du f\u00e5r fortfarande grilla p\u00e5 din egen tomt om det kan g\u00f6ras p\u00e5 ett s\u00e4kert s\u00e4tt.<\/p>\n<p class=\"font-normal\">Du f\u00e5r ocks\u00e5 grilla p\u00e5 en innerg\u00e5rd vid en bostadsr\u00e4ttsf\u00f6rening eller ett hyreshus om det kan g\u00f6ras s\u00e4kert och bostadsr\u00e4ttsf\u00f6reningen eller hyresv\u00e4rden till\u00e5ter det.<\/p>\n<p class=\"font-normal\">I naturen f\u00e5r du laga mat med utrustning som drivs med gas eller v\u00e4tska, till exempel ett stormk\u00f6k. Placera utrustningen s\u00e5 att risken f\u00f6r att en brand ska starta och sprida sig \u00e4r l\u00e5g.<\/p>\n<p class=\"font-normal\">Ha alltid sl\u00e4ckutrustning i n\u00e4rheten och var f\u00f6rsiktig.<\/p>\n<p class=\"font-normal\">L\u00e4s mer p\u00e5 sidan <a href=\"https:\/\/www.strangnas.se\/omsorg-och-hjalp\/trygg-och-saker\/raddningstjansten\/elda-utomhus\/eldningsforbud\" rel=\"nofollow noopener\" target=\"_blank\">Eldningsf\u00f6rbud<\/a>.<\/p>\n<p class=\"font-normal\">R\u00e4ddningstj\u00e4nsten uppmanar verksamheter som arbetar i skog och mark att vara extra f\u00f6rsiktiga. Det kan till exempel inneb\u00e4ra extra bevakning och extra sl\u00e4ckutrustning.<\/p>\n<p><strong>Du ansvarar f\u00f6r brands\u00e4kerheten<\/strong><\/p>\n<p class=\"font-normal\">Den som medvetet eller av oaktsamhet bryter mot eldningsf\u00f6rbudet kan d\u00f6mas till b\u00f6ter enligt 10 kap. 3 \u00a7 lagen (2003:778) om skydd mot olyckor.<\/p>\n<p class=\"font-normal\">Den som eldar \u00e4r alltid ansvarig f\u00f6r eventuella konsekvenser.<\/p>\n<p>Mer information<\/p>\n<p class=\"font-normal\">F\u00f6r mer information, kontakta R\u00e4ddningstj\u00e4nsten i Str\u00e4ngn\u00e4s.<\/p>\n<p class=\"font-normal\">L\u00e4s mer p\u00e5 sidan <a href=\"https:\/\/www.strangnas.se\/omsorg-och-hjalp\/trygg-och-saker\/raddningstjansten\/elda-utomhus\" rel=\"nofollow noopener\" target=\"_blank\">Elda utomhus<\/a>.<\/p>\n<p>In English<\/p>\n<p class=\"font-normal\">There is a fire ban in Str\u00e4ngn\u00e4s Municipality from 3 p.m. on 13 August 2026. The ban will remain in force until further notice.<\/p>\n","protected":false},"excerpt":{"rendered":"F\u00f6rbudet g\u00e4ller tills vidare. Det upph\u00f6r n\u00e4r r\u00e4ddningschefen meddelar det. Det h\u00e4r f\u00e5r du inte g\u00f6ra Du f\u00e5r&hellip;\n","protected":false},"author":2,"featured_media":337865,"comment_status":"","ping_status":"","sticky":false,"template":"","format":"standard","meta":{"footnotes":"","_share_on_mastodon":"0"},"categories":[12],"tags":[22,23,26,27,17,21,24,25,28,29,15,16,18,34,1546,31,33,32,30,19,20],"class_list":["post-337864","post","type-post","status-publish","format-standard","has-post-thumbnail","category-sverige","tag-breaking-news","tag-breakingnews","tag-featured-news","tag-featurednews","tag-headlines","tag-huvudnyheter","tag-latest-news","tag-latestnews","tag-main-news","tag-mainnews","tag-news","tag-nyheter","tag-rubriker","tag-se","tag-strangnas","tag-svenska","tag-sverige","tag-sweden","tag-swedish","tag-top-stories","tag-topstories"],"share_on_mastodon":{"url":"https:\/\/pubeurope.com\/@se\/117090398119081818","error":""},"_links":{"self":[{"href":"https:\/\/www.europesays.com\/se\/wp-json\/wp\/v2\/posts\/337864","targetHints":{"allow":["GET"]}}],"collection":[{"href":"https:\/\/www.europesays.com\/se\/wp-json\/wp\/v2\/posts"}],"about":[{"href":"https:\/\/www.europesays.com\/se\/wp-json\/wp\/v2\/types\/post"}],"author":[{"embeddable":true,"href":"https:\/\/www.europesays.com\/se\/wp-json\/wp\/v2\/users\/2"}],"replies":[{"embeddable":true,"href":"https:\/\/www.europesays.com\/se\/wp-json\/wp\/v2\/comments?post=337864"}],"version-history":[{"count":0,"href":"https:\/\/www.europesays.com\/se\/wp-json\/wp\/v2\/posts\/337864\/revisions"}],"wp:featuredmedia":[{"embeddable":true,"href":"https:\/\/www.europesays.com\/se\/wp-json\/wp\/v2\/media\/337865"}],"wp:attachment":[{"href":"https:\/\/www.europesays.com\/se\/wp-json\/wp\/v2\/media?parent=337864"}],"wp:term":[{"taxonomy":"category","embeddable":true,"href":"https:\/\/www.europesays.com\/se\/wp-json\/wp\/v2\/categories?post=337864"},{"taxonomy":"post_tag","embeddable":true,"href":"https:\/\/www.europesays.com\/se\/wp-json\/wp\/v2\/tags?post=337864"}],"curies":[{"name":"wp","href":"https:\/\/api.w.org\/{rel}","templated":true}]}}