{"id":339194,"date":"2026-08-14T20:55:33","date_gmt":"2026-08-14T20:55:33","guid":{"rendered":"https:\/\/www.europesays.com\/se\/339194\/"},"modified":"2026-08-14T20:55:33","modified_gmt":"2026-08-14T20:55:33","slug":"rydstrom-efter-uttaget-vi-far-exakt-vad-vi-fortjanar","status":"publish","type":"post","link":"https:\/\/www.europesays.com\/se\/339194\/","title":{"rendered":"Rydstr\u00f6m efter utt\u00e5get: \u201dVi f\u00e5r exakt vad vi f\u00f6rtj\u00e4nar\u201d"},"content":{"rendered":"<p><strong>Returen mot Rak\u00f3w blev inte vad n\u00e5gon hammarbyare hade hoppats p\u00e5.<\/strong><\/p>\n<p><strong>Efter\u00e5t menar Henrik Rydstr\u00f6m att polackerna hanterade matchen betydligt b\u00e4ttre.<\/strong><\/p>\n<p><strong>\u2013 Ibland m\u00e5ste du bara se till att vara en jobbig j\u00e4vel, s\u00e4ger tr\u00e4naren.<\/strong><\/p>\n<p class=\"text\">Annons<\/p>\n<p>    <a href=\"\" target=\"_blank\" class=\"fotbollsthlm-ad-link\"><br \/>\n        <img decoding=\"async\" src=\"\" class=\"image-mobile\"\/><br \/>\n        <img decoding=\"async\" src=\"\" class=\"image-desktop\"\/><br \/>\n    <\/a><\/p>\n<p>Det var upplagt f\u00f6r gr\u00f6nvit fest p\u00e5 3Arena. Hammarby hade med sig ett bra resultat fr\u00e5n det f\u00f6rsta m\u00f6tet och beh\u00f6vde bara besegra Rak\u00f3w p\u00e5 hemmaplan f\u00f6r att ta n\u00e4sta steg p\u00e5 Europaresan.<\/p>\n<p>S\u00e5 blev det inte. I st\u00e4llet avgjordes dubbelm\u00f6tet i anslutning till halvtidspausen. Rak\u00f3w gjorde 0\u20131 strax f\u00f6re paus, och tio minuter in i den andra halvleken visades Amin Boudri ut efter sitt andra gula kort. Trots en l\u00e5ng och intensiv jakt p\u00e5 kvittering lyckades Bajen aldrig f\u00e5 h\u00e5l p\u00e5 polackerna.<\/p>\n<p>\u2013 Jag kan prata l\u00e4nge. Det vet ni. Men jag kan ocks\u00e5 kort konstatera att vi inte \u00e4r d\u00e4r vi beh\u00f6ver vara om vi ska vara mer \u00e4n ett lag som kan ha bollen och sprattla till h\u00e4r och d\u00e4r. Vi f\u00e5r exakt vad vi f\u00f6rtj\u00e4nar och kan inte tycka synd om oss sj\u00e4lva, s\u00e4ger Henrik Rydstr\u00f6m efter matchen.<\/p>\n<p>P\u00e5 fr\u00e5gan om vad som gick fel lyfter tr\u00e4naren fram hur Rak\u00f3w var b\u00e4ttre p\u00e5 det som \u00e4r viktigt i Europamatcher.<\/p>\n<p>\u2013 Det \u00e4r delar i en match som \u00e4r sv\u00e5ra att ta p\u00e5. Jag har anv\u00e4nt ordet cyniskt. J\u00e4mf\u00f6r vi oss med Rak\u00f3w accepterade de matchbilden och hittade ett s\u00e4tt att h\u00e4nga kvar i den. Jag tycker inte riktigt att vi har full f\u00f6rst\u00e5else, och det \u00e4r mitt jobb att f\u00e5 spelarna att f\u00f6rst\u00e5 vad du beh\u00f6ver g\u00f6ra i vissa delar av matchen. Ibland m\u00e5ste du bara se till att vara en jobbig j\u00e4vel. Att du vinner din duell, att du f\u00f6rdr\u00f6jer tiden och saktar ner. D\u00e4r var Rak\u00f3w mycket b\u00e4ttre \u00e4n oss.<\/p>\n<p>Amin Boudris utvisning fick kanske inte den effekt som m\u00e5nga trodde p\u00e5 f\u00f6rhand. Hammarby blev snarare b\u00e4ttre efter det, men Rydstr\u00f6m \u00e4r inte helt n\u00f6jd med domarens insats.<\/p>\n<p>\u2013 Man kan tala om marginaler. Det \u00e4r straff till oss i situationen innan. D\u00e4r kan man undra hur VAR ser p\u00e5 det. Sedan \u00e4r det i mina \u00f6gon ett solklart andra gult kort av en \u00f6verambiti\u00f6s spelare som just nu har j\u00e4kligt d\u00e5ligt samvete. Men vi skapar mer efter det n\u00e4r vi inser att vi m\u00e5ste sl\u00e4ppa loss lite. Vi har po\u00e4ngterat att det \u00e4r v\u00e4ldigt viktigt att vara disciplinerade. Tittar man p\u00e5 andra kvalmatcher g\u00e5r man inte vidare om man f\u00e5r en utvisning. Men jag tycker att han var v\u00e5r kanske b\u00e4sta spelare.<\/p>\n<p>Av s\u00e4songen \u00e5terst\u00e5r nu en jakt p\u00e5 Sirius.<\/p>\n<p>\u2013 Det \u00e4r en grupp som jag har ber\u00f6mt m\u00e5nga g\u00e5nger f\u00f6r deras hunger och attityd. Det \u00e4r en ung trupp som hela tiden vill bli b\u00e4ttre. Det finns tillr\u00e4ckligt m\u00e5nga saker i allsvenskan som \u00e4r viktiga och intressanta. Vi har en placering som vi vill beh\u00e5lla och sedan om man kan skapa nerv mot Sirius \u00e4ven om det \u00e4r f\u00f6r mycket att hoppas p\u00e5, s\u00e4ger han och avslutar:<\/p>\n<p>\u2013 Jag ser en j\u00e4ttepotential h\u00e4r. Men jag beh\u00f6ver jobba mer med gruppen. Sakerna jag har kunnat identifiera under de h\u00e4r kvalomg\u00e5ngarna kan vi tr\u00e4na och f\u00f6rb\u00e4ttra. Det \u00e4r ett bra tillf\u00e4lle f\u00f6r mig att inventera truppen. Jag ser fram emot allsvenskan och att ha en f\u00f6rs\u00e4song. Jag har inte haft en f\u00f6rs\u00e4song med ett lag sedan 2024.<\/p>\n","protected":false},"excerpt":{"rendered":"Returen mot Rak\u00f3w blev inte vad n\u00e5gon hammarbyare hade hoppats p\u00e5. Efter\u00e5t menar Henrik Rydstr\u00f6m att polackerna hanterade&hellip;\n","protected":false},"author":2,"featured_media":339195,"comment_status":"","ping_status":"","sticky":false,"template":"","format":"standard","meta":{"footnotes":"","_share_on_mastodon":"0"},"categories":[5],"tags":[22,23,26,27,3712,17,4263,21,24,25,28,29,15,16,18,34,31,33,32,30,19,20],"class_list":["post-339194","post","type-post","status-publish","format-standard","has-post-thumbnail","category-rubriker","tag-breaking-news","tag-breakingnews","tag-featured-news","tag-featurednews","tag-hammarby","tag-headlines","tag-henrik-rydstrom","tag-huvudnyheter","tag-latest-news","tag-latestnews","tag-main-news","tag-mainnews","tag-news","tag-nyheter","tag-rubriker","tag-se","tag-svenska","tag-sverige","tag-sweden","tag-swedish","tag-top-stories","tag-topstories"],"share_on_mastodon":{"url":"https:\/\/pubeurope.com\/@se\/117095860015461521","error":""},"_links":{"self":[{"href":"https:\/\/www.europesays.com\/se\/wp-json\/wp\/v2\/posts\/339194","targetHints":{"allow":["GET"]}}],"collection":[{"href":"https:\/\/www.europesays.com\/se\/wp-json\/wp\/v2\/posts"}],"about":[{"href":"https:\/\/www.europesays.com\/se\/wp-json\/wp\/v2\/types\/post"}],"author":[{"embeddable":true,"href":"https:\/\/www.europesays.com\/se\/wp-json\/wp\/v2\/users\/2"}],"replies":[{"embeddable":true,"href":"https:\/\/www.europesays.com\/se\/wp-json\/wp\/v2\/comments?post=339194"}],"version-history":[{"count":0,"href":"https:\/\/www.europesays.com\/se\/wp-json\/wp\/v2\/posts\/339194\/revisions"}],"wp:featuredmedia":[{"embeddable":true,"href":"https:\/\/www.europesays.com\/se\/wp-json\/wp\/v2\/media\/339195"}],"wp:attachment":[{"href":"https:\/\/www.europesays.com\/se\/wp-json\/wp\/v2\/media?parent=339194"}],"wp:term":[{"taxonomy":"category","embeddable":true,"href":"https:\/\/www.europesays.com\/se\/wp-json\/wp\/v2\/categories?post=339194"},{"taxonomy":"post_tag","embeddable":true,"href":"https:\/\/www.europesays.com\/se\/wp-json\/wp\/v2\/tags?post=339194"}],"curies":[{"name":"wp","href":"https:\/\/api.w.org\/{rel}","templated":true}]}}