{"id":339518,"date":"2026-08-15T05:39:17","date_gmt":"2026-08-15T05:39:17","guid":{"rendered":"https:\/\/www.europesays.com\/se\/339518\/"},"modified":"2026-08-15T05:39:17","modified_gmt":"2026-08-15T05:39:17","slug":"johan-romin-nooshi-dadgostar-dubbelspel-eller-svajig-balansakt","status":"publish","type":"post","link":"https:\/\/www.europesays.com\/se\/339518\/","title":{"rendered":"Johan Romin: Nooshi Dadgostar \u2013 dubbelspel eller svajig balansakt?"},"content":{"rendered":"<p class=\"has-drop-cap wp-block-paragraph\">Palestinar\u00f6relsen och dess m\u00e5nga olika extrema och antisemitiska uttryck har blivit ett rej\u00e4lt s\u00e4nke f\u00f6r V\u00e4nsterpartiet. Det har avsl\u00f6jats att lokala kandidater helt \u00f6ppet tagit parti f\u00f6r Hamas och att flera riksdagsledam\u00f6ter har skrivit hyllande och st\u00f6djande brev till d\u00f6mda terrorister. P\u00e5 f\u00f6rsommaren avsl\u00f6jade Fokus att V\u00e4nsterpartiet i Malm\u00f6 hade <a href=\"https:\/\/www.fokus.se\/politik\/har-syns-terrorstamplad-flagga-hos-ung-vanster\/\" rel=\"nofollow noopener\" target=\"_blank\">terrorflaggor<\/a> uppsatta p\u00e5 sitt kontor.<\/p>\n<p class=\"wp-block-paragraph\">Det h\u00e4r kan leda till att partiledaren Nooshi Dadgostars dr\u00f6m om att f\u00e5 ing\u00e5 i en Anderssonregering efter valet g\u00e5r om intet. Centerpartiet s\u00e4ger tv\u00e4rt nej, och det mullrar \u00e4ven inom SSU och bland andra socialdemokrater som ser V som ett stort problem. <\/p>\n<p class=\"wp-block-paragraph\">Det hela blir en balansg\u00e5ng f\u00f6r V-ledaren. \u00c5 ena sidan m\u00e5ste hon h\u00e5lla ihop sitt parti s\u00e5 att det inte bildas \u00e4nnu fler mini-v\u00e4nsterpartier. D\u00e5 m\u00e5ste extremistfalangen h\u00e5llas p\u00e5 gott hum\u00f6r. Samtidigt m\u00e5ste partiet framst\u00e5 som regeringsdugligt, s\u00e5 Andersson blir n\u00f6jd.<\/p>\n<p class=\"wp-block-paragraph\">D\u00e4rf\u00f6r \u00e4r det intressant att granska vad partiledaren Nooshi Dadgostar sj\u00e4lv kommunicerar. Vad tycker Dadgostar exempelvis om Hamas? <\/p>\n<p class=\"wp-block-paragraph\">Vissa inom palestinav\u00e4nstern och V\u00e4nsterpartiet menar att man \u00f6ver huvud taget inte f\u00e5r kritisera Hamas eller andra v\u00e4pnade grupper. Dessa grupper \u00e4gnar sig n\u00e4mligen \u00e5t \u201davkolonisering\u201d och \u00e5t att \u201dk\u00e4mpa mot en ockupationsmakt\u201d.\u00a0Hur\u00a0de bedriver sin kamp \u00e4r ingenting som en v\u00e4sterl\u00e4nning i Europa ska ha \u2013 eller har r\u00e4tt att ha \u2013 synpunkter p\u00e5. D\u00e4rf\u00f6r hamnar dessa v\u00e4nsterpartister, som vanligtvis kallar sig feminister och antirasister, p\u00e5 samma sida som grupper som \u00e4gnar sig \u00e5t massv\u00e5ldt\u00e4kter och f\u00f6rs\u00f6k till etnisk rensning. <\/p>\n<p class=\"wp-block-paragraph\">Alla vi som har tr\u00e4ffat Hamasf\u00f6retr\u00e4dare vet vad de st\u00e5r f\u00f6r: att de inte vill ha en tv\u00e5statsl\u00f6sning, att de vill m\u00f6rda eller f\u00f6rdriva alla judar fr\u00e5n det de kallar \u201dPalestina\u201d samt att de \u00e4r kapabla till i princip vad som helst f\u00f6r att n\u00e5 sitt m\u00e5l \u2013 massv\u00e5ldt\u00e4kter, att br\u00e4nna m\u00e4nniskor levande, att sk\u00e4ra av kroppsdelar och att direkts\u00e4nda massakrer. Ju grisigare, om\u00e4nskligare och fruktansv\u00e4rdare det \u00e4r, och ju mer k\u00e4nt det blir, desto b\u00e4ttre i Hamas \u00f6gon. Om judarna ger upp frivilligt och ger sig av d\u00e4rf\u00f6r att de \u00e4r r\u00e4dda f\u00f6r massakrer och v\u00e5ldt\u00e4kter beh\u00f6ver Hamas inte m\u00f6rda lika m\u00e5nga. Att direkts\u00e4nda angreppet den 7 oktober var allts\u00e5 en strategi, inte en slump.<\/p>\n<p class=\"wp-block-paragraph\">S\u00e5 vad tycker egentligen Nooshi Dadgostar om allt detta? \u00c4r Hamas en legitim f\u00f6rk\u00e4mpe f\u00f6r palestiniernas r\u00e4ttigheter?<\/p>\n<p class=\"wp-block-paragraph\">I P1:s telefonv\u00e4kteri kom svaret, som av olika anledningar har g\u00e5tt lite under radarn. S\u00e5 h\u00e4r sade hon:<\/p>\n<p class=\"wp-block-paragraph\">\u201dHamas \u00e4r vidriga svin, en reaktion\u00e4r konservativ r\u00f6relse som f\u00f6rtrycker sitt folk.\u201d<\/p>\n<p class=\"wp-block-paragraph\">Men samtidigt som Dadgostar s\u00e4ger detta kan allts\u00e5 hennes eget partis fr\u00e4msta f\u00f6retr\u00e4dare skicka st\u00f6ttande brev till terrorister som tillh\u00f6r de organisationer som deltog i den Hamasledda massakern den 7 oktober. <\/p>\n<p class=\"wp-block-paragraph\">En av V\u00e4nsterpartiets partistyrelseledam\u00f6ter, Yekbun Alp, som kandiderar till riksdagen, spred till och med en sj\u00e4lvf\u00f6rh\u00e4rligande video efter brevskrivandet och visade upp ett tackbrev fr\u00e5n palestinska ledare. Breven hyllar allts\u00e5 personer som har organiserat sj\u00e4lvmordsbombningar och \u00e4gnat sig \u00e5t tortyr och mord.<\/p>\n<p class=\"wp-block-paragraph\">N\u00e4r Dadgostar f\u00e5r fr\u00e5gor fr\u00e5n P1-lyssnarna om vad hon egentligen g\u00f6r \u00e5t detta ger hon svaret: \u201dVi ser \u00f6ver v\u00e5ra rutiner.\u201d<\/p>\n<p class=\"wp-block-paragraph\">S\u00e5 fr\u00e5gan \u00e4r vad V\u00e4nsterpartiet och Nooshi Dadgostar egentligen tycker.<\/p>\n<p class=\"wp-block-paragraph\">Spelar hon ett dubbelspel? Eller \u00e4r det fr\u00e5ga om en svajig balansakt f\u00f6r att h\u00e5lla alla inom partiet glada och n\u00f6jda?<\/p>\n<p class=\"wp-block-paragraph\">Och framf\u00f6rallt: Ser Magdalena Andersson igenom detta?<\/p>\n","protected":false},"excerpt":{"rendered":"Palestinar\u00f6relsen och dess m\u00e5nga olika extrema och antisemitiska uttryck har blivit ett rej\u00e4lt s\u00e4nke f\u00f6r V\u00e4nsterpartiet. Det har&hellip;\n","protected":false},"author":2,"featured_media":339519,"comment_status":"","ping_status":"","sticky":false,"template":"","format":"standard","meta":{"footnotes":"","_share_on_mastodon":"0"},"categories":[12],"tags":[22,23,26,27,122,17,21,24,25,28,29,15,2895,16,18,34,31,33,32,30,19,20,1406],"class_list":["post-339518","post","type-post","status-publish","format-standard","has-post-thumbnail","category-sverige","tag-breaking-news","tag-breakingnews","tag-featured-news","tag-featurednews","tag-hamas","tag-headlines","tag-huvudnyheter","tag-latest-news","tag-latestnews","tag-main-news","tag-mainnews","tag-news","tag-nooshi-dadgostar","tag-nyheter","tag-rubriker","tag-se","tag-svenska","tag-sverige","tag-sweden","tag-swedish","tag-top-stories","tag-topstories","tag-vansterpartiet"],"share_on_mastodon":{"url":"https:\/\/pubeurope.com\/@se\/117097920045121947","error":""},"_links":{"self":[{"href":"https:\/\/www.europesays.com\/se\/wp-json\/wp\/v2\/posts\/339518","targetHints":{"allow":["GET"]}}],"collection":[{"href":"https:\/\/www.europesays.com\/se\/wp-json\/wp\/v2\/posts"}],"about":[{"href":"https:\/\/www.europesays.com\/se\/wp-json\/wp\/v2\/types\/post"}],"author":[{"embeddable":true,"href":"https:\/\/www.europesays.com\/se\/wp-json\/wp\/v2\/users\/2"}],"replies":[{"embeddable":true,"href":"https:\/\/www.europesays.com\/se\/wp-json\/wp\/v2\/comments?post=339518"}],"version-history":[{"count":0,"href":"https:\/\/www.europesays.com\/se\/wp-json\/wp\/v2\/posts\/339518\/revisions"}],"wp:featuredmedia":[{"embeddable":true,"href":"https:\/\/www.europesays.com\/se\/wp-json\/wp\/v2\/media\/339519"}],"wp:attachment":[{"href":"https:\/\/www.europesays.com\/se\/wp-json\/wp\/v2\/media?parent=339518"}],"wp:term":[{"taxonomy":"category","embeddable":true,"href":"https:\/\/www.europesays.com\/se\/wp-json\/wp\/v2\/categories?post=339518"},{"taxonomy":"post_tag","embeddable":true,"href":"https:\/\/www.europesays.com\/se\/wp-json\/wp\/v2\/tags?post=339518"}],"curies":[{"name":"wp","href":"https:\/\/api.w.org\/{rel}","templated":true}]}}