{"id":339858,"date":"2026-08-15T12:59:13","date_gmt":"2026-08-15T12:59:13","guid":{"rendered":"https:\/\/www.europesays.com\/se\/339858\/"},"modified":"2026-08-15T12:59:13","modified_gmt":"2026-08-15T12:59:13","slug":"ryssland-agerar-utrustar-oljefartyg-med-mad-max-nat","status":"publish","type":"post","link":"https:\/\/www.europesays.com\/se\/339858\/","title":{"rendered":"Ryssland agerar: Utrustar oljefartyg med \u201dMad Max\u201d-n\u00e4t"},"content":{"rendered":"<p>Ryssland agerar mot Ukrainas nya strategi i Svarta havet.\u00a0<\/p>\n<p>Med n\u00e4t, burar och vattendunkar f\u00f6rs\u00f6ker de skydda fartyg fr\u00e5n dr\u00f6nare.<\/p>\n<p>\u2013 \u201dMad Max\u201d-filmerna har ingenting som kan toppa detta, s\u00e4ger en sj\u00f6fartsanalytiker till <a href=\"https:\/\/www.ft.com\/content\/725b4d15-bd8d-4083-a04e-db016338af2e?syn-25a6b1a6=1\" rel=\"nofollow noopener\" target=\"_blank\">Financial Times<\/a>.\u00a0<\/p>\n<p>Kortegen stannar mitt p\u00e5 v\u00e4gen.<img   alt=\"\"\/><\/p>\n<p>Rysslands president ombord ett ryskt krigsfartyg<\/p>\n<p>Foto: GAVRIIL GRIGOROV\/SPUTNIK\/KREMLIN POOL \/ EPA SPUTNIK \/ POOL<\/p>\n<p>\u00d6ppna bild i helsk\u00e4rm<\/p>\n<p>Under sommaren har Ukraina tagit till med h\u00e5rdhandskarna mot Rysslands skuggflotta. M\u00e5nga av de sanktionerade fartygen som smugglar rysk olja genom svarta havet och Azovska sj\u00f6n har blivit utsatta f\u00f6r dr\u00f6narattacker.\u00a0<\/p>\n<p>Det har varit en del av Ukrainas st\u00f6rre operation riktad mot den ryska energiinfrastrukturen som \u00e4r avg\u00f6rande i finansieringen av den ryska krigskassan. Framf\u00f6r allt har man g\u00e5tt till attack mot oljeraffinaderier i Ryssland.\u00a0<\/p>\n<p>Men anfallen mot fartygen i Svarta havet tycks ha varit s\u00e5 pass effektiva att Ryssland tvingats agera. Det har tidigare<a href=\"https:\/\/www.expressen.se\/nyheter\/varlden\/putins-drag-efter-stora-bakslagen\/\" rel=\"nofollow noopener\" target=\"_blank\"> f\u00f6rflyttat styrkor<\/a><a href=\"https:\/\/www.expressen.se\/nyheter\/varlden\/putins-drag-efter-stora-bakslagen\/\" rel=\"nofollow noopener\" target=\"_blank\"> till Svarta havet<\/a> f\u00f6r att skydda individuella fartyg.<\/p>\n<p>\u201dMad Max\u201d kan inte j\u00e4mf\u00f6ra<\/p>\n<p>Nu agerar ocks\u00e5 oljefartygen.<\/p>\n<p>Sj\u00f6fartsanalytikern Yoruk Isik s\u00e4ger till <a href=\"https:\/\/www.ft.com\/content\/725b4d15-bd8d-4083-a04e-db016338af2e?syn-25a6b1a6=1\" rel=\"nofollow noopener\" target=\"_blank\">Financial Times<\/a> att fartyg utrustats med skydd mot dr\u00f6nare. Ett fartyg har stapelbara vattentankar som h\u00e4nger l\u00e4ngs med dess sidor. Bryggan \u00e4r t\u00e4kt med n\u00e4t och burar. F\u00f6rhoppningen uppges vara att dr\u00f6nare inte ska n\u00e5 hela v\u00e4gen fram till bryggan och att vattendunkarna ska absorbera delar av explosionen<\/p>\n<p>\u2013 \u201dMad Max\u201d-filmerna har ingenting som kan toppa detta, s\u00e4ger Isik i referens till de dystopiska filmerna d\u00e4r galet modifierade bilar har en stor roll.\u00a0<\/p>\n<p>Isik har pekat ut tv\u00e5 av EU sanktionerade fartyg som utrustats med dem i\u00f6gonfallande tillbeh\u00f6ren.<\/p>\n<p><a href=\"https:\/\/x.com\/TankerTrackers\/status\/2087360275410251932\" data-provider=\"twitter\" class=\"js-social-embed\" rel=\"nofollow\">https:\/\/x.com\/TankerTrackers\/status\/2087360275410251932<\/a>USA:s uppmaning till Ukraina<\/p>\n<p>Strategin att utrusta fordon med dr\u00f6narskydd har tidigare synts p\u00e5 land. Stridsvagnar \u00e4r ofta utrustade med dem. Men detta \u00e4r f\u00f6rsta g\u00e5ngen samma uppl\u00e4gg anv\u00e4nds p\u00e5 havet, skriver FT. De fall som Isik identifierat framst\u00e5r dock som mer spontant hopsatta \u00e4n de strukturer som finns p\u00e5 andra h\u00e5ll.\u00a0<\/p>\n<p>Svarta havet har l\u00e4nge varit en viktig utg\u00e5ngspunkt f\u00f6r Ryssland i transporten av oljan. Ukrainas attacker har haft s\u00e5 pass stor effekt att USA:s vicepresident JD Vance kontaktade ukrainska tj\u00e4nstem\u00e4n i slutet av f\u00f6rra m\u00e5naden f\u00f6r att be dem att pausa, enligt <a href=\"https:\/\/www.ft.com\/content\/725b4d15-bd8d-4083-a04e-db016338af2e?syn-25a6b1a6=1\" rel=\"nofollow noopener\" target=\"_blank\">FT:s k\u00e4llor<\/a>. <a href=\"https:\/\/www.expressen.se\/tagg\/location\/usa\/\" class=\"\" rel=\"nofollow noopener\" target=\"_blank\">USA<\/a> oroade sig f\u00f6r att attackerna skulle destabilisera den globala oljemarknaden.<\/p>\n","protected":false},"excerpt":{"rendered":"Ryssland agerar mot Ukrainas nya strategi i Svarta havet.\u00a0 Med n\u00e4t, burar och vattendunkar f\u00f6rs\u00f6ker de skydda fartyg&hellip;\n","protected":false},"author":2,"featured_media":339859,"comment_status":"","ping_status":"","sticky":false,"template":"","format":"standard","meta":{"footnotes":"","_share_on_mastodon":"0"},"categories":[14],"tags":[22,23,26,27,17,21,403,29935,1744,24,25,28,29,15,16,18,264,34,30168,31,33,32,30,19,20,263,74,51,261,52,53,54],"class_list":["post-339858","post","type-post","status-publish","format-standard","has-post-thumbnail","category-varlden","tag-breaking-news","tag-breakingnews","tag-featured-news","tag-featurednews","tag-headlines","tag-huvudnyheter","tag-jd-vance","tag-krig-konflikt","tag-kriget-i-ukraina","tag-latest-news","tag-latestnews","tag-main-news","tag-mainnews","tag-news","tag-nyheter","tag-rubriker","tag-ryssland","tag-se","tag-svarta-havet","tag-svenska","tag-sverige","tag-sweden","tag-swedish","tag-top-stories","tag-topstories","tag-ukraina","tag-usa","tag-varlden","tag-vladimir-putin","tag-world","tag-world-news","tag-worldnews"],"share_on_mastodon":{"url":"https:\/\/pubeurope.com\/@se\/117099650361120217","error":""},"_links":{"self":[{"href":"https:\/\/www.europesays.com\/se\/wp-json\/wp\/v2\/posts\/339858","targetHints":{"allow":["GET"]}}],"collection":[{"href":"https:\/\/www.europesays.com\/se\/wp-json\/wp\/v2\/posts"}],"about":[{"href":"https:\/\/www.europesays.com\/se\/wp-json\/wp\/v2\/types\/post"}],"author":[{"embeddable":true,"href":"https:\/\/www.europesays.com\/se\/wp-json\/wp\/v2\/users\/2"}],"replies":[{"embeddable":true,"href":"https:\/\/www.europesays.com\/se\/wp-json\/wp\/v2\/comments?post=339858"}],"version-history":[{"count":0,"href":"https:\/\/www.europesays.com\/se\/wp-json\/wp\/v2\/posts\/339858\/revisions"}],"wp:featuredmedia":[{"embeddable":true,"href":"https:\/\/www.europesays.com\/se\/wp-json\/wp\/v2\/media\/339859"}],"wp:attachment":[{"href":"https:\/\/www.europesays.com\/se\/wp-json\/wp\/v2\/media?parent=339858"}],"wp:term":[{"taxonomy":"category","embeddable":true,"href":"https:\/\/www.europesays.com\/se\/wp-json\/wp\/v2\/categories?post=339858"},{"taxonomy":"post_tag","embeddable":true,"href":"https:\/\/www.europesays.com\/se\/wp-json\/wp\/v2\/tags?post=339858"}],"curies":[{"name":"wp","href":"https:\/\/api.w.org\/{rel}","templated":true}]}}