{"id":339912,"date":"2026-08-15T14:04:51","date_gmt":"2026-08-15T14:04:51","guid":{"rendered":"https:\/\/www.europesays.com\/se\/339912\/"},"modified":"2026-08-15T14:04:51","modified_gmt":"2026-08-15T14:04:51","slug":"recensioner-tiden-har-kommit-ikapp-heldens-diktvarld","status":"publish","type":"post","link":"https:\/\/www.europesays.com\/se\/339912\/","title":{"rendered":"Recensioner: Tiden har kommit ikapp Held\u00e9ns diktv\u00e4rld"},"content":{"rendered":"<p>Den svenske poeten Johannes Held\u00e9n skriver f\u00f6r samtiden fr\u00e5n framtiden. Om detta \u00e4r flera recensenter \u00f6verens efter att ha l\u00e4st nya samlingen \u201dModern mytologi\u201d. <\/p>\n<p>De science fictioninspirerade och ekologiskt intresserade dikterna har dock hunnits i kapp av verkligheten, enligt Aftonbladets Burcu Sahin. Klimatkrisen \u00e4r, till exempel, inte l\u00e4ngre sen utan nu. <\/p>\n<p>\u201dN\u00e4r katastrofen har blivit vardag f\u00f6rlorar dikterna sin suggestiva kraft\u201d, menar hon.<\/p>\n<p>DN:s Samuel Levander p\u00e5pekar ocks\u00e5 att det finns viss risk f\u00f6r rundg\u00e5ng n\u00e4r Held\u00e9n med ett tjugotal titlar i bagaget \u00e5terigen beskriver sin regniga, sprakande diktv\u00e4rld med ord som \u201dsentient\u201d, \u201dbioluminescens\u201d och \u201dexoskelett\u201d. <\/p>\n<p>\u201dTur d\u00e5 att han inte n\u00f6jer sig med det. D\u00e5 och d\u00e5 injicerar han boken med en rej\u00e4l dos lekfullhet\u201d.<\/p>\n<p>Varje helg tipsar Omni-redaktionen om de mest aktuella filmerna, tv-serierna, musiken, b\u00f6ckerna och mycket mer fr\u00e5n hela v\u00e4rlden. Genre kan variera fr\u00e5n vecka till vecka.<\/p>\n<p>Recensionssvepen \u00e4r en del av Omnis helgsatsning med rekommendationer p\u00e5 l\u00e4sv\u00e4rda, aktuella och intressanta recensioner och intervjuer som publiceras varje helg. <\/p>\n<p>Omni \u00e4r politiskt obundna och oberoende. Vi str\u00e4var efter att ge fler perspektiv p\u00e5 nyheterna. Har du fr\u00e5gor eller synpunkter kring v\u00e5r rapportering? <a href=\"https:\/\/omni.se\/recensioner-tiden-har-kommit-ikapp-heldens-diktvarld\/a\/mailto:redaktion@omni.se\" class=\"ArticleActions-module-scss-module__w9u9BG__contactLink\" rel=\"nofollow noopener\" target=\"_blank\">Kontakta redaktionen<\/a><\/p>\n","protected":false},"excerpt":{"rendered":"Den svenske poeten Johannes Held\u00e9n skriver f\u00f6r samtiden fr\u00e5n framtiden. Om detta \u00e4r flera recensenter \u00f6verens efter att&hellip;\n","protected":false},"author":2,"featured_media":339913,"comment_status":"","ping_status":"","sticky":false,"template":"","format":"standard","meta":{"footnotes":"","_share_on_mastodon":"0"},"categories":[67],"tags":[37019,104,270,36285,528,1082,34,31,33,32,30,105],"class_list":["post-339912","post","type-post","status-publish","format-standard","has-post-thumbnail","category-underhallning","tag-burcu-sahin","tag-entertainment","tag-helg","tag-johannes-helden","tag-klimat-miljo","tag-litteratur","tag-se","tag-svenska","tag-sverige","tag-sweden","tag-swedish","tag-underhallning"],"share_on_mastodon":{"url":"https:\/\/pubeurope.com\/@se\/117099910035706801","error":""},"_links":{"self":[{"href":"https:\/\/www.europesays.com\/se\/wp-json\/wp\/v2\/posts\/339912","targetHints":{"allow":["GET"]}}],"collection":[{"href":"https:\/\/www.europesays.com\/se\/wp-json\/wp\/v2\/posts"}],"about":[{"href":"https:\/\/www.europesays.com\/se\/wp-json\/wp\/v2\/types\/post"}],"author":[{"embeddable":true,"href":"https:\/\/www.europesays.com\/se\/wp-json\/wp\/v2\/users\/2"}],"replies":[{"embeddable":true,"href":"https:\/\/www.europesays.com\/se\/wp-json\/wp\/v2\/comments?post=339912"}],"version-history":[{"count":0,"href":"https:\/\/www.europesays.com\/se\/wp-json\/wp\/v2\/posts\/339912\/revisions"}],"wp:featuredmedia":[{"embeddable":true,"href":"https:\/\/www.europesays.com\/se\/wp-json\/wp\/v2\/media\/339913"}],"wp:attachment":[{"href":"https:\/\/www.europesays.com\/se\/wp-json\/wp\/v2\/media?parent=339912"}],"wp:term":[{"taxonomy":"category","embeddable":true,"href":"https:\/\/www.europesays.com\/se\/wp-json\/wp\/v2\/categories?post=339912"},{"taxonomy":"post_tag","embeddable":true,"href":"https:\/\/www.europesays.com\/se\/wp-json\/wp\/v2\/tags?post=339912"}],"curies":[{"name":"wp","href":"https:\/\/api.w.org\/{rel}","templated":true}]}}