{"id":340268,"date":"2026-08-15T22:56:14","date_gmt":"2026-08-15T22:56:14","guid":{"rendered":"https:\/\/www.europesays.com\/se\/340268\/"},"modified":"2026-08-15T22:56:14","modified_gmt":"2026-08-15T22:56:14","slug":"ai-hade-skapat-maggio-for-just-sana-har-kvallar","status":"publish","type":"post","link":"https:\/\/www.europesays.com\/se\/340268\/","title":{"rendered":"\u201dAI hade skapat Maggio f\u00f6r just s\u00e5na h\u00e4r kv\u00e4llar\u201d"},"content":{"rendered":"<p>Veronica Maggios l\u00e5tval p\u00e5 Way out west var modiga, men eftert\u00e4nksamma \u201dBas gillar h\u00f6rn\u201d och balladen \u201dBackspegeln\u201d fick det inte att flyga, skriver Aftonbladets recensent Per Magnusson. Han ger den timmesl\u00e5nga spelningen en trea och tycker att publiken h\u00f6lls p\u00e5 halster lite v\u00e4l l\u00e4nge.<\/p>\n<p>\u201dJag kommer\u201d h\u00e5ller dock fortfarande, skriver han.<\/p>\n<p>\u201dDe rusiga scenerna som utspelar sig p\u00e5 storbildssk\u00e4rmarna n\u00e4r fansen l\u00e4ngst fram vr\u00e5lhoppar till l\u00e5ten \u00e4r n\u00e5gonting som inte riktigt g\u00e5r att vaccinera sig emot.\u201d<\/p>\n<p>Expressens Anders Dahlbom f\u00f6rst\u00e5r varf\u00f6r hon lockade storpublik. Hon passar perfekt f\u00f6r sommarens sista helg, med tjugo grader i luften och l\u00e5tar om krossade hj\u00e4rtan. <\/p>\n<p>\u201dOm Veronica Maggio inte existerat som artist, hade AI skapat henne f\u00f6r just kv\u00e4llar som den h\u00e4r.\u201d<\/p>\n<p>GP:s Jonathan Bengtsson h\u00e5ller med om att det bj\u00f6ds p\u00e5 optimala f\u00f6ruts\u00e4ttningar, men att det landade i en ganska tr\u00e5kig spelning. Hans f\u00f6rklaring \u00e4r att hennes nyare musik inte \u00e4r lika bra som den tidigare.<\/p>\n<p>\u201dMaggios konsert borde vara en exklusiv och h\u00f6gtidlig tillst\u00e4llning, men den k\u00e4nns aldrig s\u00e4rskilt viktig.\u201d<\/p>\n<p>Omni \u00e4r politiskt obundna och oberoende. Vi str\u00e4var efter att ge fler perspektiv p\u00e5 nyheterna. Har du fr\u00e5gor eller synpunkter kring v\u00e5r rapportering? <a href=\"https:\/\/omni.se\/ai-hade-skapat-maggio-for-just-sana-har-kvallar\/a\/mailto:redaktion@omni.se\" class=\"ArticleActions-module-scss-module__w9u9BG__contactLink\" rel=\"nofollow noopener\" target=\"_blank\">Kontakta redaktionen<\/a><\/p>\n","protected":false},"excerpt":{"rendered":"Veronica Maggios l\u00e5tval p\u00e5 Way out west var modiga, men eftert\u00e4nksamma \u201dBas gillar h\u00f6rn\u201d och balladen \u201dBackspegeln\u201d fick&hellip;\n","protected":false},"author":2,"featured_media":340269,"comment_status":"","ping_status":"","sticky":false,"template":"","format":"standard","meta":{"footnotes":"","_share_on_mastodon":"0"},"categories":[67],"tags":[104,172,346,34,31,33,32,30,105,5343],"class_list":["post-340268","post","type-post","status-publish","format-standard","has-post-thumbnail","category-underhallning","tag-entertainment","tag-musik","tag-musikrecensioner","tag-se","tag-svenska","tag-sverige","tag-sweden","tag-swedish","tag-underhallning","tag-veronica-maggio"],"share_on_mastodon":{"url":"","error":""},"_links":{"self":[{"href":"https:\/\/www.europesays.com\/se\/wp-json\/wp\/v2\/posts\/340268","targetHints":{"allow":["GET"]}}],"collection":[{"href":"https:\/\/www.europesays.com\/se\/wp-json\/wp\/v2\/posts"}],"about":[{"href":"https:\/\/www.europesays.com\/se\/wp-json\/wp\/v2\/types\/post"}],"author":[{"embeddable":true,"href":"https:\/\/www.europesays.com\/se\/wp-json\/wp\/v2\/users\/2"}],"replies":[{"embeddable":true,"href":"https:\/\/www.europesays.com\/se\/wp-json\/wp\/v2\/comments?post=340268"}],"version-history":[{"count":0,"href":"https:\/\/www.europesays.com\/se\/wp-json\/wp\/v2\/posts\/340268\/revisions"}],"wp:featuredmedia":[{"embeddable":true,"href":"https:\/\/www.europesays.com\/se\/wp-json\/wp\/v2\/media\/340269"}],"wp:attachment":[{"href":"https:\/\/www.europesays.com\/se\/wp-json\/wp\/v2\/media?parent=340268"}],"wp:term":[{"taxonomy":"category","embeddable":true,"href":"https:\/\/www.europesays.com\/se\/wp-json\/wp\/v2\/categories?post=340268"},{"taxonomy":"post_tag","embeddable":true,"href":"https:\/\/www.europesays.com\/se\/wp-json\/wp\/v2\/tags?post=340268"}],"curies":[{"name":"wp","href":"https:\/\/api.w.org\/{rel}","templated":true}]}}