{"id":340364,"date":"2026-08-16T04:02:16","date_gmt":"2026-08-16T04:02:16","guid":{"rendered":"https:\/\/www.europesays.com\/se\/340364\/"},"modified":"2026-08-16T04:02:16","modified_gmt":"2026-08-16T04:02:16","slug":"klippan-man-gripen-for-valdtakt-pa-klippanfesten","status":"publish","type":"post","link":"https:\/\/www.europesays.com\/se\/340364\/","title":{"rendered":"Klippan: Man gripen f\u00f6r v\u00e5ldt\u00e4kt p\u00e5 Klippanfesten"},"content":{"rendered":"<p>  <a class=\"_link_1lr5y_108\" href=\"https:\/\/aftonbladet.se\/av\/hans-osterman\" title=\"Hans \u00d6sterman\" rel=\"nofollow noopener\" target=\"_blank\"><img alt=\"Bild av Hans \u00d6sterman\" class=\"_image_1lr5y_85\" fetchpriority=\"low\" decoding=\"async\" itemprop=\"image\" loading=\"lazy\"  src=\"https:\/\/www.europesays.com\/se\/wp-content\/uploads\/2026\/08\/1786852936_743_3a5e20f0-4830-46ba-9df0-3077125d38dd.png\"  width=\"480\"\/><\/a> <\/p>\n<p class=\"_textTheme_4io5p_1 _lead_16k26_2 _lead_3ue4t_18 layout-component layout-normal layout-padded _lead_o6m9k_5 _leadTheme_cypwp_1 body-large bold\">En man greps p\u00e5 l\u00f6rdagskv\u00e4llen, misst\u00e4nkt f\u00f6r ha v\u00e5ldtagit en kvinna p\u00e5 en festival i Klippan.<\/p>\n<p class=\"_textTheme_4io5p_1 _lead_16k26_2 _lead_3ue4t_18 layout-component layout-normal layout-padded _lead_o6m9k_5 _leadTheme_cypwp_1 body-large bold\">Under natten anh\u00f6lls han av \u00e5klagare.<\/p>\n<p class=\"_textTheme_4io5p_1 _paragraph_16k26_4 _paragraph_3ue4t_27 layout-component layout-normal layout-padded body-medium\">Mannen \u00e4r i 40-\u00e5rs\u00e5ldern och greps vid 23-tiden. Han \u00e4r misst\u00e4nkt f\u00f6r v\u00e5ldt\u00e4kt p\u00e5 en kvinna i 30-\u00e5rs\u00e5ldern.<\/p>\n<p class=\"_textTheme_4io5p_1 _paragraph_16k26_4 _paragraph_3ue4t_27 layout-component layout-normal layout-padded body-medium\">Det misst\u00e4nkta brottet intr\u00e4ffade p\u00e5 en utomhustoalett i gr\u00f6nomr\u00e5det L\u00e4derbackarna i samband med den lokala festivalen Klippanfesten.<\/p>\n<p class=\"_textTheme_4io5p_1 _paragraph_16k26_4 _paragraph_3ue4t_27 layout-component layout-normal layout-padded body-medium\">\u2013 Det \u00e4r tv\u00e5 individer som har tr\u00e4ffats och p\u00e5 ett eller annat s\u00e4tt haft sexuellt umg\u00e4nge som de \u00e4r oense om. Det \u00e4r ingen \u00f6verfallsv\u00e5ldt\u00e4kt, s\u00e4ger Tomas Grahm, jourutredningsbef\u00e4l vid polisen.<\/p>\n<p class=\"_textTheme_4io5p_1 _paragraph_16k26_4 _paragraph_3ue4t_27 layout-component layout-normal layout-padded body-medium\">Toaletten har inte sp\u00e4rrats av eftersom den bes\u00f6kts av flera personer efter den misst\u00e4nkta v\u00e5ldt\u00e4kten.<\/p>\n<p class=\"_textTheme_4io5p_1 _paragraph_16k26_4 _paragraph_3ue4t_27 layout-component layout-normal layout-padded body-medium\">\u2013 Men enligt rutin sp\u00e5rs\u00e4kras personerna, s\u00e4ger Tomas Grahm.<\/p>\n<p class=\"_textTheme_4io5p_1 _paragraph_16k26_4 _paragraph_3ue4t_27 layout-component layout-normal layout-padded body-medium\">Kvinnan har f\u00f6rts till sjukhus f\u00f6r unders\u00f6kning, men har enligt polisen inget v\u00e5rdbehov.<\/p>\n","protected":false},"excerpt":{"rendered":"En man greps p\u00e5 l\u00f6rdagskv\u00e4llen, misst\u00e4nkt f\u00f6r ha v\u00e5ldtagit en kvinna p\u00e5 en festival i Klippan. Under natten&hellip;\n","protected":false},"author":2,"featured_media":340365,"comment_status":"","ping_status":"","sticky":false,"template":"","format":"standard","meta":{"footnotes":"","_share_on_mastodon":"0"},"categories":[14],"tags":[22,23,26,27,17,21,5967,24,25,28,29,15,16,18,34,31,33,32,30,19,20,14332,51,52,53,54],"class_list":["post-340364","post","type-post","status-publish","format-standard","has-post-thumbnail","category-varlden","tag-breaking-news","tag-breakingnews","tag-featured-news","tag-featurednews","tag-headlines","tag-huvudnyheter","tag-klippan","tag-latest-news","tag-latestnews","tag-main-news","tag-mainnews","tag-news","tag-nyheter","tag-rubriker","tag-se","tag-svenska","tag-sverige","tag-sweden","tag-swedish","tag-top-stories","tag-topstories","tag-valdtakt","tag-varlden","tag-world","tag-world-news","tag-worldnews"],"share_on_mastodon":{"url":"https:\/\/pubeurope.com\/@se\/117103201682708099","error":""},"_links":{"self":[{"href":"https:\/\/www.europesays.com\/se\/wp-json\/wp\/v2\/posts\/340364","targetHints":{"allow":["GET"]}}],"collection":[{"href":"https:\/\/www.europesays.com\/se\/wp-json\/wp\/v2\/posts"}],"about":[{"href":"https:\/\/www.europesays.com\/se\/wp-json\/wp\/v2\/types\/post"}],"author":[{"embeddable":true,"href":"https:\/\/www.europesays.com\/se\/wp-json\/wp\/v2\/users\/2"}],"replies":[{"embeddable":true,"href":"https:\/\/www.europesays.com\/se\/wp-json\/wp\/v2\/comments?post=340364"}],"version-history":[{"count":0,"href":"https:\/\/www.europesays.com\/se\/wp-json\/wp\/v2\/posts\/340364\/revisions"}],"wp:featuredmedia":[{"embeddable":true,"href":"https:\/\/www.europesays.com\/se\/wp-json\/wp\/v2\/media\/340365"}],"wp:attachment":[{"href":"https:\/\/www.europesays.com\/se\/wp-json\/wp\/v2\/media?parent=340364"}],"wp:term":[{"taxonomy":"category","embeddable":true,"href":"https:\/\/www.europesays.com\/se\/wp-json\/wp\/v2\/categories?post=340364"},{"taxonomy":"post_tag","embeddable":true,"href":"https:\/\/www.europesays.com\/se\/wp-json\/wp\/v2\/tags?post=340364"}],"curies":[{"name":"wp","href":"https:\/\/api.w.org\/{rel}","templated":true}]}}