{"id":340504,"date":"2026-08-16T07:02:17","date_gmt":"2026-08-16T07:02:17","guid":{"rendered":"https:\/\/www.europesays.com\/se\/340504\/"},"modified":"2026-08-16T07:02:17","modified_gmt":"2026-08-16T07:02:17","slug":"blandade-recensioner-nar-de-gaulle-intar-bioduken","status":"publish","type":"post","link":"https:\/\/www.europesays.com\/se\/340504\/","title":{"rendered":"Blandade recensioner n\u00e4r de Gaulle intar bioduken"},"content":{"rendered":"<p>Av Hannah Gustafsson<br \/>Publicerad: 14 aug.<\/p>\n<p>Den nya storfilmen \u201dDe Gaulle: R\u00e9sistance\u201d, som handlar om den franska generalen Charles de Gaulle under andra v\u00e4rldskriget, b\u00e5de hyllas och s\u00e5gas av kritikerna.<\/p>\n<p>SvD:s Jon Asp tycker att filmen varken bjuder p\u00e5 kunskap eller direkta insikter, men att den trots det ger en k\u00e4nsla av krigets historia.<\/p>\n<p>\u201dF\u00f6rmodligen m\u00e5ste man se del tv\u00e5 i serien f\u00f6r att f\u00e5 den st\u00f6rre bilden. F\u00f6rmodligen \u00e4r det v\u00e4rt det.\u201d<\/p>\n<p>Moviezines Alexander Kardelo h\u00f6jer filmen till skyarna och tycker att varje sekund \u00e4r \u201dh\u00f6gklassig konst\u201d. Sydsvenskans Michael Tapper totals\u00e5gar filmen och menar att den har blivit en total flopp p\u00e5 biograferna.<\/p>\n<p>Varietys recensent tycker att filmen trots allt h\u00e5ller vad den lovar: en krigsfilm som st\u00e4ller v\u00e5r historia mot v\u00e4ggen.<\/p>\n<p>Snittbetyget baseras p\u00e5 5 av 8 recensioner.<\/p>\n<p>Varje helg tipsar Omni-redaktionen om de mest aktuella filmerna, tv-serierna, musiken, b\u00f6ckerna och mycket mer fr\u00e5n hela v\u00e4rlden. Genre kan variera fr\u00e5n vecka till vecka.<\/p>\n<p>Recensionssvepen \u00e4r en del av Omnis helgsatsning med rekommendationer p\u00e5 l\u00e4sv\u00e4rda, aktuella och intressanta recensioner och intervjuer som publiceras varje helg.<\/p>\n<p>Omni \u00e4r politiskt obundna och oberoende. Vi str\u00e4var efter att ge fler perspektiv p\u00e5 nyheterna. Har du fr\u00e5gor eller synpunkter kring v\u00e5r rapportering? <a href=\"https:\/\/omni.se\/blandade-recensioner-nar-de-gaulle-intar-bioduken\/a\/mailto:redaktion@omni.se\" class=\"ArticleActions-module-scss-module__w9u9BG__contactLink\" rel=\"nofollow noopener\" target=\"_blank\">Kontakta redaktionen<\/a><\/p>\n","protected":false},"excerpt":{"rendered":"Av Hannah GustafssonPublicerad: 14 aug. Den nya storfilmen \u201dDe Gaulle: R\u00e9sistance\u201d, som handlar om den franska generalen Charles&hellip;\n","protected":false},"author":2,"featured_media":340505,"comment_status":"","ping_status":"","sticky":false,"template":"","format":"standard","meta":{"footnotes":"","_share_on_mastodon":"0"},"categories":[67],"tags":[104,168,270,34,31,33,32,30,105],"class_list":["post-340504","post","type-post","status-publish","format-standard","has-post-thumbnail","category-underhallning","tag-entertainment","tag-film-tv","tag-helg","tag-se","tag-svenska","tag-sverige","tag-sweden","tag-swedish","tag-underhallning"],"share_on_mastodon":{"url":"https:\/\/pubeurope.com\/@se\/117103909045912797","error":""},"_links":{"self":[{"href":"https:\/\/www.europesays.com\/se\/wp-json\/wp\/v2\/posts\/340504","targetHints":{"allow":["GET"]}}],"collection":[{"href":"https:\/\/www.europesays.com\/se\/wp-json\/wp\/v2\/posts"}],"about":[{"href":"https:\/\/www.europesays.com\/se\/wp-json\/wp\/v2\/types\/post"}],"author":[{"embeddable":true,"href":"https:\/\/www.europesays.com\/se\/wp-json\/wp\/v2\/users\/2"}],"replies":[{"embeddable":true,"href":"https:\/\/www.europesays.com\/se\/wp-json\/wp\/v2\/comments?post=340504"}],"version-history":[{"count":0,"href":"https:\/\/www.europesays.com\/se\/wp-json\/wp\/v2\/posts\/340504\/revisions"}],"wp:featuredmedia":[{"embeddable":true,"href":"https:\/\/www.europesays.com\/se\/wp-json\/wp\/v2\/media\/340505"}],"wp:attachment":[{"href":"https:\/\/www.europesays.com\/se\/wp-json\/wp\/v2\/media?parent=340504"}],"wp:term":[{"taxonomy":"category","embeddable":true,"href":"https:\/\/www.europesays.com\/se\/wp-json\/wp\/v2\/categories?post=340504"},{"taxonomy":"post_tag","embeddable":true,"href":"https:\/\/www.europesays.com\/se\/wp-json\/wp\/v2\/tags?post=340504"}],"curies":[{"name":"wp","href":"https:\/\/api.w.org\/{rel}","templated":true}]}}