{"id":340658,"date":"2026-08-16T09:38:54","date_gmt":"2026-08-16T09:38:54","guid":{"rendered":"https:\/\/www.europesays.com\/se\/340658\/"},"modified":"2026-08-16T09:38:54","modified_gmt":"2026-08-16T09:38:54","slug":"analys-regeringen-star-uppenbarligen-bakom-bosattarna","status":"publish","type":"post","link":"https:\/\/www.europesays.com\/se\/340658\/","title":{"rendered":"Analys: Regeringen st\u00e5r uppenbarligen bakom bos\u00e4ttarna"},"content":{"rendered":"<p>Attackerna p\u00e5 palestinier p\u00e5 V\u00e4stbanken utf\u00f6rs framf\u00f6rallt av israeliska bos\u00e4ttare, men de \u00e4r inte den isolerade radikala grupp som myndigheterna g\u00e4rna vill framst\u00e4lla dem som. Det skriver AP:s Joseph Kraus i en analys.<\/p>\n<p>\u201dI verkligheten \u00e4r de spjutspetsen p\u00e5 en mycket st\u00f6rre r\u00f6relse, som st\u00f6ttats av successiva israeliska regeringar och som f\u00e5tt turbofart under premi\u00e4rminister Benjamin Netanyahu.\u201d<\/p>\n<p>M\u00e5let \u00e4r enligt Kraus inget annat \u00e4n fullst\u00e4ndig kontroll \u00f6ver V\u00e4stbanken och om\u00f6jligg\u00f6randet av en palestinsk stat.<\/p>\n<p>I Haaretz skriver Shani Cohen att \u00e4ven om regeringen, polisen och milit\u00e4ren uppenbarligen l\u00e5ter bos\u00e4ttarna h\u00e5llas \u00e4r inte st\u00f6det f\u00f6r r\u00f6relsen s\u00e5 grundmurat som det kan verka. Bos\u00e4ttarnas starka st\u00f6d fr\u00e5n regeringen \u00e4r i sj\u00e4lva verket deras akillesh\u00e4l, menar hon.<\/p>\n<p>\u201dDeras bos\u00e4ttningar och jordbruk \u00e4r inte en framg\u00e5ngssaga, eftersom de hela tiden beh\u00f6ver nya statliga st\u00f6d f\u00f6r att h\u00e5lla sig flytande\u201d, skriver hon och p\u00e5pekar att allt som kr\u00e4vs f\u00f6r att bryta bos\u00e4ttarnas makt \u00f6ver V\u00e4stbanken \u00e4r en enda regering som inte ser mellan fingrarna. <\/p>\n<p>Omni \u00e4r politiskt obundna och oberoende. Vi str\u00e4var efter att ge fler perspektiv p\u00e5 nyheterna. Har du fr\u00e5gor eller synpunkter kring v\u00e5r rapportering? <a href=\"https:\/\/omni.se\/analys-regeringen-star-uppenbarligen-bakom-bosattarna\/a\/mailto:redaktion@omni.se\" class=\"ArticleActions-module-scss-module__w9u9BG__contactLink\" rel=\"nofollow noopener\" target=\"_blank\">Kontakta redaktionen<\/a><\/p>\n","protected":false},"excerpt":{"rendered":"Attackerna p\u00e5 palestinier p\u00e5 V\u00e4stbanken utf\u00f6rs framf\u00f6rallt av israeliska bos\u00e4ttare, men de \u00e4r inte den isolerade radikala grupp&hellip;\n","protected":false},"author":2,"featured_media":340659,"comment_status":"","ping_status":"","sticky":false,"template":"","format":"standard","meta":{"footnotes":"","_share_on_mastodon":"0"},"categories":[14],"tags":[1047,1044,22,23,26,27,17,21,342,5595,24,25,28,29,124,125,15,16,123,18,34,31,33,32,30,19,20,51,3340,52,53,54],"class_list":["post-340658","post","type-post","status-publish","format-standard","has-post-thumbnail","category-varlden","tag-analys","tag-benjamin-netanyahu","tag-breaking-news","tag-breakingnews","tag-featured-news","tag-featurednews","tag-headlines","tag-huvudnyheter","tag-israel","tag-israelisk-politik","tag-latest-news","tag-latestnews","tag-main-news","tag-mainnews","tag-mellanostern","tag-mellanosternkrisen","tag-news","tag-nyheter","tag-palestina","tag-rubriker","tag-se","tag-svenska","tag-sverige","tag-sweden","tag-swedish","tag-top-stories","tag-topstories","tag-varlden","tag-vastbanken","tag-world","tag-world-news","tag-worldnews"],"share_on_mastodon":{"url":"https:\/\/pubeurope.com\/@se\/117104526305794615","error":""},"_links":{"self":[{"href":"https:\/\/www.europesays.com\/se\/wp-json\/wp\/v2\/posts\/340658","targetHints":{"allow":["GET"]}}],"collection":[{"href":"https:\/\/www.europesays.com\/se\/wp-json\/wp\/v2\/posts"}],"about":[{"href":"https:\/\/www.europesays.com\/se\/wp-json\/wp\/v2\/types\/post"}],"author":[{"embeddable":true,"href":"https:\/\/www.europesays.com\/se\/wp-json\/wp\/v2\/users\/2"}],"replies":[{"embeddable":true,"href":"https:\/\/www.europesays.com\/se\/wp-json\/wp\/v2\/comments?post=340658"}],"version-history":[{"count":0,"href":"https:\/\/www.europesays.com\/se\/wp-json\/wp\/v2\/posts\/340658\/revisions"}],"wp:featuredmedia":[{"embeddable":true,"href":"https:\/\/www.europesays.com\/se\/wp-json\/wp\/v2\/media\/340659"}],"wp:attachment":[{"href":"https:\/\/www.europesays.com\/se\/wp-json\/wp\/v2\/media?parent=340658"}],"wp:term":[{"taxonomy":"category","embeddable":true,"href":"https:\/\/www.europesays.com\/se\/wp-json\/wp\/v2\/categories?post=340658"},{"taxonomy":"post_tag","embeddable":true,"href":"https:\/\/www.europesays.com\/se\/wp-json\/wp\/v2\/tags?post=340658"}],"curies":[{"name":"wp","href":"https:\/\/api.w.org\/{rel}","templated":true}]}}