{"id":340784,"date":"2026-08-16T12:27:17","date_gmt":"2026-08-16T12:27:17","guid":{"rendered":"https:\/\/www.europesays.com\/se\/340784\/"},"modified":"2026-08-16T12:27:17","modified_gmt":"2026-08-16T12:27:17","slug":"analyser-nya-alliansen-visar-att-usa-inte-langre-bestammer-i-mellanostern","status":"publish","type":"post","link":"https:\/\/www.europesays.com\/se\/340784\/","title":{"rendered":"Analyser: Nya alliansen visar att USA inte l\u00e4ngre best\u00e4mmer i Mellan\u00f6stern"},"content":{"rendered":"<p>Amerikanskt inflytande \u00e4r inte l\u00e4ngre den dominerande kraften i Mellan\u00f6stern. Det skriver Steven Cook i en analys f\u00f6r den amerikanska tankesmedjan Council on Foreign Relations. Spiken i kistan, menar han, \u00e4r den nya milit\u00e4ralliansen mellan Saudiarabien, Pakistan och Turkiet.<\/p>\n<p>USA har undergr\u00e4vt sin egen auktoritet i regionen under l\u00e5ng tid, och Donald Trumps ober\u00e4knelighet tycks till slut ha f\u00e5tt deras viktigaste allierade Saudiarabien att inse att de inte bara kan, utan kanske ocks\u00e5 vill st\u00e5 p\u00e5 egna ben, skriver Cook. <\/p>\n<p>\u201dSaudierna och deras nya s\u00e4kerhetspartner bygger en ny ordning som l\u00e5ter dem, snarare \u00e4n Washington, forma regionen efter sin vilja.\u201d<\/p>\n<p>I den israeliska tidningen Jerusalem Post g\u00f6r Jonathan Spyer en liknande bed\u00f6mning av l\u00e4get. Han menar dessutom att alliansen ocks\u00e5 utg\u00f6r ett slags latent hot mot Israel, som l\u00e4nge varit beroende av USA:s st\u00f6d och stora inflytande i regionen.<\/p>\n<p>\u201dDen h\u00e4r framv\u00e4xande alliansens anti-israeliska st\u00e5ndpunkter \u00e4r inte bara retorik. De \u00e4r snarare en b\u00e4rande del i strategin\u201d, skriver han.<\/p>\n<p>Omni \u00e4r politiskt obundna och oberoende. Vi str\u00e4var efter att ge fler perspektiv p\u00e5 nyheterna. Har du fr\u00e5gor eller synpunkter kring v\u00e5r rapportering? <a href=\"https:\/\/omni.se\/analyser-nya-alliansen-visar-att-usa-inte-langre-bestammer-i-mellanostern\/a\/mailto:redaktion@omni.se\" class=\"ArticleActions-module-scss-module__w9u9BG__contactLink\" rel=\"nofollow noopener\" target=\"_blank\">Kontakta redaktionen<\/a><\/p>\n","protected":false},"excerpt":{"rendered":"Amerikanskt inflytande \u00e4r inte l\u00e4ngre den dominerande kraften i Mellan\u00f6stern. Det skriver Steven Cook i en analys f\u00f6r&hellip;\n","protected":false},"author":2,"featured_media":340785,"comment_status":"","ping_status":"","sticky":false,"template":"","format":"standard","meta":{"footnotes":"","_share_on_mastodon":"0"},"categories":[14],"tags":[387,1047,420,22,23,385,267,26,27,17,21,342,24,25,28,29,124,125,15,268,16,2385,18,1740,34,31,33,32,30,19,20,1672,74,51,52,53,54],"class_list":["post-340784","post","type-post","status-publish","format-standard","has-post-thumbnail","category-varlden","tag-amerikansk-politik","tag-analys","tag-asien","tag-breaking-news","tag-breakingnews","tag-donald-trump","tag-europa","tag-featured-news","tag-featurednews","tag-headlines","tag-huvudnyheter","tag-israel","tag-latest-news","tag-latestnews","tag-main-news","tag-mainnews","tag-mellanostern","tag-mellanosternkrisen","tag-news","tag-nordamerika","tag-nyheter","tag-pakistan","tag-rubriker","tag-saudiarabien","tag-se","tag-svenska","tag-sverige","tag-sweden","tag-swedish","tag-top-stories","tag-topstories","tag-turkiet","tag-usa","tag-varlden","tag-world","tag-world-news","tag-worldnews"],"share_on_mastodon":{"url":"https:\/\/pubeurope.com\/@se\/117105186948696105","error":""},"_links":{"self":[{"href":"https:\/\/www.europesays.com\/se\/wp-json\/wp\/v2\/posts\/340784","targetHints":{"allow":["GET"]}}],"collection":[{"href":"https:\/\/www.europesays.com\/se\/wp-json\/wp\/v2\/posts"}],"about":[{"href":"https:\/\/www.europesays.com\/se\/wp-json\/wp\/v2\/types\/post"}],"author":[{"embeddable":true,"href":"https:\/\/www.europesays.com\/se\/wp-json\/wp\/v2\/users\/2"}],"replies":[{"embeddable":true,"href":"https:\/\/www.europesays.com\/se\/wp-json\/wp\/v2\/comments?post=340784"}],"version-history":[{"count":0,"href":"https:\/\/www.europesays.com\/se\/wp-json\/wp\/v2\/posts\/340784\/revisions"}],"wp:featuredmedia":[{"embeddable":true,"href":"https:\/\/www.europesays.com\/se\/wp-json\/wp\/v2\/media\/340785"}],"wp:attachment":[{"href":"https:\/\/www.europesays.com\/se\/wp-json\/wp\/v2\/media?parent=340784"}],"wp:term":[{"taxonomy":"category","embeddable":true,"href":"https:\/\/www.europesays.com\/se\/wp-json\/wp\/v2\/categories?post=340784"},{"taxonomy":"post_tag","embeddable":true,"href":"https:\/\/www.europesays.com\/se\/wp-json\/wp\/v2\/tags?post=340784"}],"curies":[{"name":"wp","href":"https:\/\/api.w.org\/{rel}","templated":true}]}}