{"id":340918,"date":"2026-08-16T15:21:10","date_gmt":"2026-08-16T15:21:10","guid":{"rendered":"https:\/\/www.europesays.com\/se\/340918\/"},"modified":"2026-08-16T15:21:10","modified_gmt":"2026-08-16T15:21:10","slug":"tre-renassansverk-stulna-fran-italienskt-museum-misstankt-bestallningsjobb","status":"publish","type":"post","link":"https:\/\/www.europesays.com\/se\/340918\/","title":{"rendered":"Tre ren\u00e4ssansverk stulna fr\u00e5n italienskt museum \u2013 misst\u00e4nkt best\u00e4llningsjobb"},"content":{"rendered":"<p>Tre verk v\u00e4rda m\u00e5ngmiljonbelopp av den italienske ren\u00e4ssansm\u00e5laren Antonello da Messina har stulits fr\u00e5n ett museum p\u00e5 Sicilien. Det rapporterar italienska medier. Polisen misst\u00e4nker att verken stulits p\u00e5 best\u00e4llning. <\/p>\n<p>\u2013 Vi \u00e4r chockade. Det \u00e4r en enorm f\u00f6rlust f\u00f6r museet, staden, samh\u00e4llet och konstv\u00e4rlden, s\u00e4ger museidirekt\u00f6ren Marisa Mercurio till nyhetsbyr\u00e5n Ansa. <\/p>\n<p>Larmet i Messinamuseet lj\u00f6d men st\u00e4ngdes snabbt av n\u00e4r de maskerade tjuvarna br\u00f6t sig in och tog tr\u00e4tavlorna med religi\u00f6sa scener m\u00e5lade p\u00e5 1470-talet. <\/p>\n<p>Verket \u201dMadonna och Kristus i Piet\u00e0\u201d h\u00e4ngde i en skyddsmonter, som de \u00f6ppnade \u201dsom en sardinburk\u201d, enligt Corriere della sera. De fick med sig fem tavlor, men sl\u00e4ngde ifr\u00e5n sig tv\u00e5 av de st\u00f6rsta som \u00e4r 125 centimeter h\u00f6ga utanf\u00f6r museet, enligt Rai. <\/p>\n<p>I fredags \u00e5terfann italiensk polis tre stulna m\u00e5lningar till ett sammanlagt v\u00e4rde av motsvarande 100 miljoner kronor. <\/p>\n<p>Omni \u00e4r politiskt obundna och oberoende. Vi str\u00e4var efter att ge fler perspektiv p\u00e5 nyheterna. Har du fr\u00e5gor eller synpunkter kring v\u00e5r rapportering? <a href=\"https:\/\/omni.se\/tre-renassansverk-stulna-fran-italienskt-museum-misstankt-bestallningsjobb\/a\/mailto:redaktion@omni.se\" class=\"ArticleActions-module-scss-module__w9u9BG__contactLink\" rel=\"nofollow noopener\" target=\"_blank\">Kontakta redaktionen<\/a><\/p>\n","protected":false},"excerpt":{"rendered":"Tre verk v\u00e4rda m\u00e5ngmiljonbelopp av den italienske ren\u00e4ssansm\u00e5laren Antonello da Messina har stulits fr\u00e5n ett museum p\u00e5 Sicilien.&hellip;\n","protected":false},"author":2,"featured_media":340919,"comment_status":"","ping_status":"","sticky":false,"template":"","format":"standard","meta":{"footnotes":"","_share_on_mastodon":"0"},"categories":[67],"tags":[104,267,692,902,34,31,33,32,30,105],"class_list":["post-340918","post","type-post","status-publish","format-standard","has-post-thumbnail","category-underhallning","tag-entertainment","tag-europa","tag-italien","tag-konst","tag-se","tag-svenska","tag-sverige","tag-sweden","tag-swedish","tag-underhallning"],"share_on_mastodon":{"url":"https:\/\/pubeurope.com\/@se\/117105871378638869","error":""},"_links":{"self":[{"href":"https:\/\/www.europesays.com\/se\/wp-json\/wp\/v2\/posts\/340918","targetHints":{"allow":["GET"]}}],"collection":[{"href":"https:\/\/www.europesays.com\/se\/wp-json\/wp\/v2\/posts"}],"about":[{"href":"https:\/\/www.europesays.com\/se\/wp-json\/wp\/v2\/types\/post"}],"author":[{"embeddable":true,"href":"https:\/\/www.europesays.com\/se\/wp-json\/wp\/v2\/users\/2"}],"replies":[{"embeddable":true,"href":"https:\/\/www.europesays.com\/se\/wp-json\/wp\/v2\/comments?post=340918"}],"version-history":[{"count":0,"href":"https:\/\/www.europesays.com\/se\/wp-json\/wp\/v2\/posts\/340918\/revisions"}],"wp:featuredmedia":[{"embeddable":true,"href":"https:\/\/www.europesays.com\/se\/wp-json\/wp\/v2\/media\/340919"}],"wp:attachment":[{"href":"https:\/\/www.europesays.com\/se\/wp-json\/wp\/v2\/media?parent=340918"}],"wp:term":[{"taxonomy":"category","embeddable":true,"href":"https:\/\/www.europesays.com\/se\/wp-json\/wp\/v2\/categories?post=340918"},{"taxonomy":"post_tag","embeddable":true,"href":"https:\/\/www.europesays.com\/se\/wp-json\/wp\/v2\/tags?post=340918"}],"curies":[{"name":"wp","href":"https:\/\/api.w.org\/{rel}","templated":true}]}}