{"id":341202,"date":"2026-08-16T20:40:37","date_gmt":"2026-08-16T20:40:37","guid":{"rendered":"https:\/\/www.europesays.com\/se\/341202\/"},"modified":"2026-08-16T20:40:37","modified_gmt":"2026-08-16T20:40:37","slug":"australisk-delstat-infor-vapenamnesti-efter-attentat","status":"publish","type":"post","link":"https:\/\/www.europesays.com\/se\/341202\/","title":{"rendered":"Australisk delstat inf\u00f6r vapenamnesti efter attentat"},"content":{"rendered":"<p>Delstaten New South Wales i Australien inf\u00f6r en vapenamnesti i november, enligt NBC. D\u00e5 har det g\u00e5tt n\u00e4stan ett \u00e5r sedan terrorattentatet vid Bondi Beach, d\u00e4r tv\u00e5 m\u00e4n sk\u00f6t ihj\u00e4l 15 och skadade ett 40-tal personer vid ett judiskt firande. Vapnen de anv\u00e4nde var lagliga. <\/p>\n<p>Den som l\u00e4mnar in sitt vapen ska f\u00e5 upp till motsvarande 7\u202f000 kronor i kompensation, enligt TT. Om de 274\u202f000 vapen kommer in som premi\u00e4rminister Anthony Albanese har sagt att han hoppas p\u00e5, hamnar kostnaden p\u00e5 motsvarande tv\u00e5 miljarder kronor \u2013\u202fbara f\u00f6r den f\u00f6rsta fasen. <\/p>\n<p>\u2013 Jag ska inte hymla med att det \u00e4r dyrt, men det \u00e4r ett pris v\u00e4rt att betala, s\u00e4ger delstatens premi\u00e4rminister Chris Minns till ABC. <\/p>\n<p>N\u00e4sta \u00e5r ska dyrare vapen kunna l\u00f6sas in, och vapenhandlare ska kunna s\u00f6ka omst\u00e4llningsst\u00f6d, skriver BBC. <\/p>\n<p>Omni \u00e4r politiskt obundna och oberoende. Vi str\u00e4var efter att ge fler perspektiv p\u00e5 nyheterna. Har du fr\u00e5gor eller synpunkter kring v\u00e5r rapportering? <a href=\"https:\/\/omni.se\/australisk-delstat-infor-vapenamnesti-efter-attentat\/a\/mailto:redaktion@omni.se\" class=\"ArticleActions-module-scss-module__w9u9BG__contactLink\" rel=\"nofollow noopener\" target=\"_blank\">Kontakta redaktionen<\/a><\/p>\n","protected":false},"excerpt":{"rendered":"Delstaten New South Wales i Australien inf\u00f6r en vapenamnesti i november, enligt NBC. D\u00e5 har det g\u00e5tt n\u00e4stan&hellip;\n","protected":false},"author":2,"featured_media":341203,"comment_status":"","ping_status":"","sticky":false,"template":"","format":"standard","meta":{"footnotes":"","_share_on_mastodon":"0"},"categories":[5],"tags":[449,450,37868,22,23,26,27,17,21,24,25,28,29,15,16,18,34,31,33,32,30,19,20],"class_list":["post-341202","post","type-post","status-publish","format-standard","has-post-thumbnail","category-rubriker","tag-anthony-albanese","tag-australien","tag-australisk-politik","tag-breaking-news","tag-breakingnews","tag-featured-news","tag-featurednews","tag-headlines","tag-huvudnyheter","tag-latest-news","tag-latestnews","tag-main-news","tag-mainnews","tag-news","tag-nyheter","tag-rubriker","tag-se","tag-svenska","tag-sverige","tag-sweden","tag-swedish","tag-top-stories","tag-topstories"],"share_on_mastodon":{"url":"https:\/\/pubeurope.com\/@se\/117107125278802247","error":""},"_links":{"self":[{"href":"https:\/\/www.europesays.com\/se\/wp-json\/wp\/v2\/posts\/341202","targetHints":{"allow":["GET"]}}],"collection":[{"href":"https:\/\/www.europesays.com\/se\/wp-json\/wp\/v2\/posts"}],"about":[{"href":"https:\/\/www.europesays.com\/se\/wp-json\/wp\/v2\/types\/post"}],"author":[{"embeddable":true,"href":"https:\/\/www.europesays.com\/se\/wp-json\/wp\/v2\/users\/2"}],"replies":[{"embeddable":true,"href":"https:\/\/www.europesays.com\/se\/wp-json\/wp\/v2\/comments?post=341202"}],"version-history":[{"count":0,"href":"https:\/\/www.europesays.com\/se\/wp-json\/wp\/v2\/posts\/341202\/revisions"}],"wp:featuredmedia":[{"embeddable":true,"href":"https:\/\/www.europesays.com\/se\/wp-json\/wp\/v2\/media\/341203"}],"wp:attachment":[{"href":"https:\/\/www.europesays.com\/se\/wp-json\/wp\/v2\/media?parent=341202"}],"wp:term":[{"taxonomy":"category","embeddable":true,"href":"https:\/\/www.europesays.com\/se\/wp-json\/wp\/v2\/categories?post=341202"},{"taxonomy":"post_tag","embeddable":true,"href":"https:\/\/www.europesays.com\/se\/wp-json\/wp\/v2\/tags?post=341202"}],"curies":[{"name":"wp","href":"https:\/\/api.w.org\/{rel}","templated":true}]}}