{"id":341232,"date":"2026-08-16T21:32:11","date_gmt":"2026-08-16T21:32:11","guid":{"rendered":"https:\/\/www.europesays.com\/se\/341232\/"},"modified":"2026-08-16T21:32:11","modified_gmt":"2026-08-16T21:32:11","slug":"oppositionen-rasar-mot-vapenamnestin-skitsnack","status":"publish","type":"post","link":"https:\/\/www.europesays.com\/se\/341232\/","title":{"rendered":"Oppositionen rasar mot vapenamnestin: \u201dSkitsnack\u201d"},"content":{"rendered":"<p>Den australiska oppositionen s\u00e5gar vapenamnestin som inf\u00f6rs i november som reaktion p\u00e5 det antisemitiska terrord\u00e5det i fjol. <\/p>\n<p>\u2013 Att en amnesti skulle stoppa ett nytt d\u00e5d \u00e4r totalt skitsnack, urs\u00e4kta spr\u00e5ket, s\u00e4ger delstaten New South Wales oppositionsledare Kellie Sloane till ABC. <\/p>\n<p>Hon kallar det sj\u00e4lvbedr\u00e4geri att tro att kriminella och terrorister skulle l\u00e4mna in sina vapen.  <\/p>\n<p>\u00c4ven Pauline Hanson fr\u00e5n h\u00f6gerpopulistiska One Nation anser att amnestin \u00e4r fel v\u00e4g och skyller vapenv\u00e5ldet p\u00e5 \u201dextremistiska invandrare\u201d. <\/p>\n<p>Delstatens premi\u00e4rminister Chris Minns \u00e4r beredd att g\u00f6ra amnestin till en valfr\u00e5ga i n\u00e4sta \u00e5rs delstatsval, skriver Sydney Morning Herald.   <\/p>\n<p>Den federala regeringen f\u00f6rs\u00f6ker f\u00e5 fler delstatsregeringar att inf\u00f6ra vapenamnestier, hittills utan resultat. <\/p>\n<p>Omni \u00e4r politiskt obundna och oberoende. Vi str\u00e4var efter att ge fler perspektiv p\u00e5 nyheterna. Har du fr\u00e5gor eller synpunkter kring v\u00e5r rapportering? <a href=\"https:\/\/omni.se\/oppositionen-rasar-mot-vapenamnestin-skitsnack\/a\/mailto:redaktion@omni.se\" class=\"ArticleActions-module-scss-module__w9u9BG__contactLink\" rel=\"nofollow noopener\" target=\"_blank\">Kontakta redaktionen<\/a><\/p>\n","protected":false},"excerpt":{"rendered":"Den australiska oppositionen s\u00e5gar vapenamnestin som inf\u00f6rs i november som reaktion p\u00e5 det antisemitiska terrord\u00e5det i fjol. \u2013&hellip;\n","protected":false},"author":2,"featured_media":341233,"comment_status":"","ping_status":"","sticky":false,"template":"","format":"standard","meta":{"footnotes":"","_share_on_mastodon":"0"},"categories":[5],"tags":[450,37868,22,23,26,27,17,21,24,25,28,29,15,16,18,34,31,33,32,30,19,20],"class_list":["post-341232","post","type-post","status-publish","format-standard","has-post-thumbnail","category-rubriker","tag-australien","tag-australisk-politik","tag-breaking-news","tag-breakingnews","tag-featured-news","tag-featurednews","tag-headlines","tag-huvudnyheter","tag-latest-news","tag-latestnews","tag-main-news","tag-mainnews","tag-news","tag-nyheter","tag-rubriker","tag-se","tag-svenska","tag-sverige","tag-sweden","tag-swedish","tag-top-stories","tag-topstories"],"share_on_mastodon":{"url":"https:\/\/pubeurope.com\/@se\/117107329720498979","error":""},"_links":{"self":[{"href":"https:\/\/www.europesays.com\/se\/wp-json\/wp\/v2\/posts\/341232","targetHints":{"allow":["GET"]}}],"collection":[{"href":"https:\/\/www.europesays.com\/se\/wp-json\/wp\/v2\/posts"}],"about":[{"href":"https:\/\/www.europesays.com\/se\/wp-json\/wp\/v2\/types\/post"}],"author":[{"embeddable":true,"href":"https:\/\/www.europesays.com\/se\/wp-json\/wp\/v2\/users\/2"}],"replies":[{"embeddable":true,"href":"https:\/\/www.europesays.com\/se\/wp-json\/wp\/v2\/comments?post=341232"}],"version-history":[{"count":0,"href":"https:\/\/www.europesays.com\/se\/wp-json\/wp\/v2\/posts\/341232\/revisions"}],"wp:featuredmedia":[{"embeddable":true,"href":"https:\/\/www.europesays.com\/se\/wp-json\/wp\/v2\/media\/341233"}],"wp:attachment":[{"href":"https:\/\/www.europesays.com\/se\/wp-json\/wp\/v2\/media?parent=341232"}],"wp:term":[{"taxonomy":"category","embeddable":true,"href":"https:\/\/www.europesays.com\/se\/wp-json\/wp\/v2\/categories?post=341232"},{"taxonomy":"post_tag","embeddable":true,"href":"https:\/\/www.europesays.com\/se\/wp-json\/wp\/v2\/tags?post=341232"}],"curies":[{"name":"wp","href":"https:\/\/api.w.org\/{rel}","templated":true}]}}