{"id":341756,"date":"2026-08-17T08:45:10","date_gmt":"2026-08-17T08:45:10","guid":{"rendered":"https:\/\/www.europesays.com\/se\/341756\/"},"modified":"2026-08-17T08:45:10","modified_gmt":"2026-08-17T08:45:10","slug":"kinesisk-man-bodde-i-bunker-vid-nato-flygplats","status":"publish","type":"post","link":"https:\/\/www.europesays.com\/se\/341756\/","title":{"rendered":"Kinesisk man bodde i bunker vid Nato-flygplats"},"content":{"rendered":"<p>Uppdaterad 17 aug 2026 kl 10.42Publicerad 17 aug 2026 kl 10.04<\/p>\n<p>En kinesisk medborgare bodde i en bunker n\u00e4ra Natos regionala luftoperationscenter f\u00f6r Norden, som ligger i Norge. Nyligen utvisades mannen fr\u00e5n landet.<\/p>\n<p>Nu visar polisen bilderna inifr\u00e5n bunkern.<\/p>\n<p>I dag, m\u00e5ndag, h\u00e5ller Expressen sin stora partiledardebatt. Du kan se den <a href=\"https:\/\/www.expressen.se\/tv\/nyheter\/live\/partiledardebatten-2026\/\" rel=\"nofollow noopener\" target=\"_blank\">h\u00e4r <\/a>klockan 20.00.<\/p>\n<p><img   alt=\"\"\/><\/p>\n<p>S\u00e5 h\u00e4r s\u00e5g det ut n\u00e4r den numera utvisade kinesiske mannen bodde.<\/p>\n<p>Foto: Nordland politidistrikt<\/p>\n<p>\u00d6ppna bild i helsk\u00e4rm<\/p>\n<p>I mitten p\u00e5 maj uppt\u00e4ckte den norska milit\u00e4ren en kinesisk man i en nedlagd milit\u00e4rbunker som ligger intill Bod\u00f8 flygplats i norra Norge. Flygplatsen har b\u00e5de en milit\u00e4r och en civil del, d\u00e4r den milit\u00e4ra delen inkluderar <a href=\"https:\/\/www.expressen.se\/tagg\/organization\/nato\/\" class=\"\" rel=\"nofollow noopener\" target=\"_blank\">Natos<\/a> regionala luftoperationscenter f\u00f6r Norden som invigdes f\u00f6rra \u00e5ret.<\/p>\n<p>Bunkern ligger precis vid flygplatsens barri\u00e4rstaket, \u00e4r v\u00e4l dold av buskar och har en bra utsikt \u00f6ver flygplatsen, enligt <a href=\"https:\/\/www.dagbladet.no\/nyheter\/se-bildene-her-bodde-utvist-kineser\/85015689\" rel=\"nofollow noopener\" target=\"_blank\">norska Dagbladet<\/a>.<\/p>\n<p>Mannen h\u00e4vdade att han hade l\u00e4mnat Kina f\u00f6r att han ville bos\u00e4tta sig i Norge. Polisens s\u00e4kerhetstj\u00e4nst i Norge trodde inte p\u00e5 detta och startade en utredning om misst\u00e4nkt olagligt spionage.<\/p>\n<p>Bilderna inifr\u00e5n<\/p>\n<p>Bevisen r\u00e4ckte dock inte och fallet lades ner. Nyligen utvisades mannen fr\u00e5n Norge.<\/p>\n<p>Nu delar polisen bilderna som togs inuti bunkern. Det som de hittade n\u00e4r de genomf\u00f6rde en insats i bunkern var ett litet, m\u00f6rkt rum med matrester, krukor, f\u00f6rvaringsl\u00e5dor och kl\u00e4der utsl\u00e4ngda \u00f6ver golvet.<\/p>\n<p>Den kinesiske mannan har nekat till brott.<\/p>\n<p><img loading=\"lazy\"   alt=\"\"\/><\/p>\n<p>Under en insats i bunkern kunde polisen konstatera att mannen b\u00e5de sovit och lagat mat i bunkern.<\/p>\n<p>Foto: Nordland politidistrikt<\/p>\n<p>\u00d6ppna bild i helsk\u00e4rm<img loading=\"lazy\"   alt=\"\"\/><\/p>\n<p>Utredningen om misst\u00e4nkt spionage lades ner, men mannen utvisades. Han har nekat till brott.<\/p>\n<p>Foto: Nordland politidistrikt<\/p>\n<p>\u00d6ppna bild i helsk\u00e4rm<\/p>\n","protected":false},"excerpt":{"rendered":"Uppdaterad 17 aug 2026 kl 10.42Publicerad 17 aug 2026 kl 10.04 En kinesisk medborgare bodde i en bunker&hellip;\n","protected":false},"author":2,"featured_media":341757,"comment_status":"","ping_status":"","sticky":false,"template":"","format":"standard","meta":{"footnotes":"","_share_on_mastodon":"0"},"categories":[14],"tags":[22,23,26,27,17,21,549,24,25,28,29,999,15,430,16,18,34,31,33,32,30,19,20,51,52,53,54],"class_list":["post-341756","post","type-post","status-publish","format-standard","has-post-thumbnail","category-varlden","tag-breaking-news","tag-breakingnews","tag-featured-news","tag-featurednews","tag-headlines","tag-huvudnyheter","tag-kina","tag-latest-news","tag-latestnews","tag-main-news","tag-mainnews","tag-nato","tag-news","tag-norge","tag-nyheter","tag-rubriker","tag-se","tag-svenska","tag-sverige","tag-sweden","tag-swedish","tag-top-stories","tag-topstories","tag-varlden","tag-world","tag-world-news","tag-worldnews"],"share_on_mastodon":{"url":"https:\/\/pubeurope.com\/@se\/117109976544420523","error":""},"_links":{"self":[{"href":"https:\/\/www.europesays.com\/se\/wp-json\/wp\/v2\/posts\/341756","targetHints":{"allow":["GET"]}}],"collection":[{"href":"https:\/\/www.europesays.com\/se\/wp-json\/wp\/v2\/posts"}],"about":[{"href":"https:\/\/www.europesays.com\/se\/wp-json\/wp\/v2\/types\/post"}],"author":[{"embeddable":true,"href":"https:\/\/www.europesays.com\/se\/wp-json\/wp\/v2\/users\/2"}],"replies":[{"embeddable":true,"href":"https:\/\/www.europesays.com\/se\/wp-json\/wp\/v2\/comments?post=341756"}],"version-history":[{"count":0,"href":"https:\/\/www.europesays.com\/se\/wp-json\/wp\/v2\/posts\/341756\/revisions"}],"wp:featuredmedia":[{"embeddable":true,"href":"https:\/\/www.europesays.com\/se\/wp-json\/wp\/v2\/media\/341757"}],"wp:attachment":[{"href":"https:\/\/www.europesays.com\/se\/wp-json\/wp\/v2\/media?parent=341756"}],"wp:term":[{"taxonomy":"category","embeddable":true,"href":"https:\/\/www.europesays.com\/se\/wp-json\/wp\/v2\/categories?post=341756"},{"taxonomy":"post_tag","embeddable":true,"href":"https:\/\/www.europesays.com\/se\/wp-json\/wp\/v2\/tags?post=341756"}],"curies":[{"name":"wp","href":"https:\/\/api.w.org\/{rel}","templated":true}]}}