{"id":342080,"date":"2026-08-17T13:39:13","date_gmt":"2026-08-17T13:39:13","guid":{"rendered":"https:\/\/www.europesays.com\/se\/342080\/"},"modified":"2026-08-17T13:39:13","modified_gmt":"2026-08-17T13:39:13","slug":"vingegaard-bryter-sasongen-efter-kraschen-i-touren","status":"publish","type":"post","link":"https:\/\/www.europesays.com\/se\/342080\/","title":{"rendered":"Vingegaard bryter s\u00e4songen efter kraschen i touren"},"content":{"rendered":"<p>Den danske cykelstj\u00e4rnan Jonas Vingegaard avslutar sin s\u00e4song i f\u00f6rtid efter kraschen i Tour de France d\u00e4r han br\u00f6t sitt nyckelben. <\/p>\n<p>\u201dP\u00e5 grund av nyckelbensskadan har tr\u00e4ningsstarten f\u00f6rdr\u00f6jts, och det \u00e4r inte m\u00f6jligt f\u00f6r mig att n\u00e5 toppform den n\u00e4rmaste tiden\u201d, heter det i ett uttalande p\u00e5 hans lags hemsida.<\/p>\n<p>Dansken har under s\u00e4songen bland annat vunnit den italienska cykelklassikern Giro d\u2019Italia och stod f\u00f6r starka insatser fram till den 15:e etappen av Tour de France, d\u00e4r kraschen skedde.<\/p>\n<p>Omni \u00e4r politiskt obundna och oberoende. Vi str\u00e4var efter att ge fler perspektiv p\u00e5 nyheterna. Har du fr\u00e5gor eller synpunkter kring v\u00e5r rapportering? <a href=\"https:\/\/omni.se\/vingegaard-bryter-sasongen-efter-kraschen-i-touren\/a\/mailto:redaktion@omni.se\" class=\"ArticleActions-module-scss-module__w9u9BG__contactLink\" rel=\"nofollow noopener\" target=\"_blank\">Kontakta redaktionen<\/a><\/p>\n","protected":false},"excerpt":{"rendered":"Den danske cykelstj\u00e4rnan Jonas Vingegaard avslutar sin s\u00e4song i f\u00f6rtid efter kraschen i Tour de France d\u00e4r han&hellip;\n","protected":false},"author":2,"featured_media":342081,"comment_status":"","ping_status":"","sticky":false,"template":"","format":"standard","meta":{"footnotes":"","_share_on_mastodon":"0"},"categories":[68],"tags":[11231,28115,34,111,110,31,33,32,30,28113],"class_list":["post-342080","post","type-post","status-publish","format-standard","has-post-thumbnail","category-sport","tag-cykel","tag-jonas-vingegaard","tag-se","tag-sport","tag-sports","tag-svenska","tag-sverige","tag-sweden","tag-swedish","tag-tour-de-france"],"share_on_mastodon":{"url":"https:\/\/pubeurope.com\/@se\/117111132368319630","error":""},"_links":{"self":[{"href":"https:\/\/www.europesays.com\/se\/wp-json\/wp\/v2\/posts\/342080","targetHints":{"allow":["GET"]}}],"collection":[{"href":"https:\/\/www.europesays.com\/se\/wp-json\/wp\/v2\/posts"}],"about":[{"href":"https:\/\/www.europesays.com\/se\/wp-json\/wp\/v2\/types\/post"}],"author":[{"embeddable":true,"href":"https:\/\/www.europesays.com\/se\/wp-json\/wp\/v2\/users\/2"}],"replies":[{"embeddable":true,"href":"https:\/\/www.europesays.com\/se\/wp-json\/wp\/v2\/comments?post=342080"}],"version-history":[{"count":0,"href":"https:\/\/www.europesays.com\/se\/wp-json\/wp\/v2\/posts\/342080\/revisions"}],"wp:featuredmedia":[{"embeddable":true,"href":"https:\/\/www.europesays.com\/se\/wp-json\/wp\/v2\/media\/342081"}],"wp:attachment":[{"href":"https:\/\/www.europesays.com\/se\/wp-json\/wp\/v2\/media?parent=342080"}],"wp:term":[{"taxonomy":"category","embeddable":true,"href":"https:\/\/www.europesays.com\/se\/wp-json\/wp\/v2\/categories?post=342080"},{"taxonomy":"post_tag","embeddable":true,"href":"https:\/\/www.europesays.com\/se\/wp-json\/wp\/v2\/tags?post=342080"}],"curies":[{"name":"wp","href":"https:\/\/api.w.org\/{rel}","templated":true}]}}