{"id":34220,"date":"2025-09-19T10:28:08","date_gmt":"2025-09-19T10:28:08","guid":{"rendered":"https:\/\/www.europesays.com\/se\/34220\/"},"modified":"2025-09-19T10:28:08","modified_gmt":"2025-09-19T10:28:08","slug":"svenska-kor-behaller-betesratten-tills-vidare","status":"publish","type":"post","link":"https:\/\/www.europesays.com\/se\/34220\/","title":{"rendered":"Svenska kor beh\u00e5ller betesr\u00e4tten tills vidare"},"content":{"rendered":"<p>Svenska mj\u00f6lkkor ska f\u00e5 forts\u00e4tta beta ute under sommarhalv\u00e5ret, ber\u00e4ttar regeringen under en presstr\u00e4ff. I\u202fst\u00e4llet vill man ge svenska b\u00f6nder 1\u202f000 kronor i bidrag per \u00e5r och mj\u00f6lkko, rapporterar TT.<\/p>\n<p>\u2013 Beteskravet kommer inte att avskaffas under den h\u00e4r mandatperioden, s\u00e4ger Landsbygdsminister Peter Kullgren (KD).<\/p>\n<p>Framtiden f\u00f6r kornas r\u00e4tt att f\u00e5 beta utomhus har varit os\u00e4ker sedan en utredning f\u00f6reslagit att beteskravet ska tas bort, n\u00e5got som v\u00e4ckt stark kritik inom bland annat Liberalerna. <\/p>\n<p>\u2013 Vi \u00e4r sj\u00e4lvklart v\u00e4ldigt n\u00f6jda, s\u00e4ger Elin Nilsson (L).<\/p>\n<p>Det nya bidraget \u00e4r t\u00e4nkt att st\u00e4rka svenska b\u00f6nders konkurrenskraft och s\u00e4kra tillg\u00e5ngen till livsmedel vid kris eller krig.<\/p>\n<p>\u2013 Det h\u00e4r \u00e4r viktigt f\u00f6r tryggheten, skapar jobb och \u00e4r viktigt f\u00f6r att v\u00e5ra b\u00f6nder och livsmedelsproducenter \u00e4r fantastiskt duktiga, s\u00e4ger Kullgren.<\/p>\n<p>Omni \u00e4r politiskt obundna och oberoende. Vi str\u00e4var efter att ge fler perspektiv p\u00e5 nyheterna. Har du fr\u00e5gor eller synpunkter kring v\u00e5r rapportering? <a href=\"https:\/\/omni.se\/okat-stod-for-mjolkbonder-betesratten-behalls\/a\/mailto:redaktion@omni.se\" class=\"ArticleActions_contactLink__W2F1M\" rel=\"nofollow noopener\" target=\"_blank\">Kontakta redaktionen<\/a><\/p>\n","protected":false},"excerpt":{"rendered":"Svenska mj\u00f6lkkor ska f\u00e5 forts\u00e4tta beta ute under sommarhalv\u00e5ret, ber\u00e4ttar regeringen under en presstr\u00e4ff. I\u202fst\u00e4llet vill man ge&hellip;\n","protected":false},"author":2,"featured_media":34221,"comment_status":"","ping_status":"","sticky":false,"template":"","format":"standard","meta":{"footnotes":""},"categories":[5],"tags":[22,23,415,26,27,17,21,3673,24,25,1000,28,29,15,16,3672,369,18,34,31,33,32,30,19,20],"class_list":{"0":"post-34220","1":"post","2":"type-post","3":"status-publish","4":"format-standard","5":"has-post-thumbnail","7":"category-rubriker","8":"tag-breaking-news","9":"tag-breakingnews","10":"tag-djur-natur","11":"tag-featured-news","12":"tag-featurednews","13":"tag-headlines","14":"tag-huvudnyheter","15":"tag-landsbygdspolitik","16":"tag-latest-news","17":"tag-latestnews","18":"tag-livsmedel","19":"tag-main-news","20":"tag-mainnews","21":"tag-news","22":"tag-nyheter","23":"tag-peter-kullgren","24":"tag-politik","25":"tag-rubriker","26":"tag-se","27":"tag-svenska","28":"tag-sverige","29":"tag-sweden","30":"tag-swedish","31":"tag-top-stories","32":"tag-topstories"},"share_on_mastodon":{"url":"","error":""},"_links":{"self":[{"href":"https:\/\/www.europesays.com\/se\/wp-json\/wp\/v2\/posts\/34220","targetHints":{"allow":["GET"]}}],"collection":[{"href":"https:\/\/www.europesays.com\/se\/wp-json\/wp\/v2\/posts"}],"about":[{"href":"https:\/\/www.europesays.com\/se\/wp-json\/wp\/v2\/types\/post"}],"author":[{"embeddable":true,"href":"https:\/\/www.europesays.com\/se\/wp-json\/wp\/v2\/users\/2"}],"replies":[{"embeddable":true,"href":"https:\/\/www.europesays.com\/se\/wp-json\/wp\/v2\/comments?post=34220"}],"version-history":[{"count":0,"href":"https:\/\/www.europesays.com\/se\/wp-json\/wp\/v2\/posts\/34220\/revisions"}],"wp:featuredmedia":[{"embeddable":true,"href":"https:\/\/www.europesays.com\/se\/wp-json\/wp\/v2\/media\/34221"}],"wp:attachment":[{"href":"https:\/\/www.europesays.com\/se\/wp-json\/wp\/v2\/media?parent=34220"}],"wp:term":[{"taxonomy":"category","embeddable":true,"href":"https:\/\/www.europesays.com\/se\/wp-json\/wp\/v2\/categories?post=34220"},{"taxonomy":"post_tag","embeddable":true,"href":"https:\/\/www.europesays.com\/se\/wp-json\/wp\/v2\/tags?post=34220"}],"curies":[{"name":"wp","href":"https:\/\/api.w.org\/{rel}","templated":true}]}}