{"id":34228,"date":"2025-09-19T10:43:07","date_gmt":"2025-09-19T10:43:07","guid":{"rendered":"https:\/\/www.europesays.com\/se\/34228\/"},"modified":"2025-09-19T10:43:07","modified_gmt":"2025-09-19T10:43:07","slug":"marek-rokosz-dodade-och-brande-upp-man-hovratten-faststaller-dom-krim","status":"publish","type":"post","link":"https:\/\/www.europesays.com\/se\/34228\/","title":{"rendered":"Marek Rokosz d\u00f6dade och br\u00e4nde upp man \u2013 hovr\u00e4tten fastst\u00e4ller dom | Krim"},"content":{"rendered":"<p>Publicerad 19 sep 2025 kl 11.19<\/p>\n<p>34-\u00e5ringen skulle driva in en skuld p\u00e5 julafton.<\/p>\n<p>I st\u00e4llet sk\u00f6ts han ihj\u00e4l och kroppen br\u00e4ndes.\u00a0<\/p>\n<p>Nu fastst\u00e4ller hovr\u00e4tten domen mot m\u00f6rdaren Marek Rokosz.\u00a0<\/p>\n<p><img   alt=\"\"\/><\/p>\n<p>Marek Rokosz ska vara fortsatt h\u00e4ktad till dess f\u00e4ngelsestraffet f\u00e5r verkst\u00e4llas.<\/p>\n<p>Foto: Polisen<\/p>\n<p>\u00d6ppna bild i helsk\u00e4rm<\/p>\n<p>Sent p\u00e5 julaftonskv\u00e4llen tog sig 34-\u00e5ringen och en v\u00e4n till en bostad i Hind\u00e5s f\u00f6r att kr\u00e4va tillbaka pengar efter en bilreparation.\u00a0<\/p>\n<p>De var bev\u00e4pnade med basebolltr\u00e4n. Redan i d\u00f6rr\u00f6ppningen blev de beskjutna \u2013 34-\u00e5ringen tr\u00e4ffades i huvudet och avled omedelbart. Flera skott avlossades \u00e4ven mot hans v\u00e4n, som lyckades fly platsen.<\/p>\n<p>Skytten, Marek Rokosz, 42, d\u00f6mdes i tingsr\u00e4tten till 18 \u00e5rs f\u00e4ngelse och utvisning f\u00f6r mord och grovt gravfridsbrott.\u00a0<\/p>\n<p>Efter d\u00e5det lastades offrets kropp in i en bil och br\u00e4ndes vid en badplats i Bollebygd. En medhj\u00e4lpare d\u00f6mdes till tre \u00e5rs f\u00e4ngelse och utvisning f\u00f6r grovt gravfridsbrott. Ytterligare en man d\u00f6mdes f\u00f6r grovt skyddande av brottsling.<\/p>\n<p>Hovr\u00e4ttens dom<\/p>\n<p>Rokosz har erk\u00e4nt delar av h\u00e4ndelsef\u00f6rloppet men nekat till brott. Han har h\u00e4vdat att det d\u00f6dliga skottet avlossades av misstag, n\u00e5got tingsr\u00e4tten inte trodde p\u00e5.\u00a0<\/p>\n<p>R\u00e4tten ans\u00e5g att det var uppenbart att mordet begicks med upps\u00e5t, bland annat eftersom Rokosz inte larmade polis och inte visade \u00e5nger.<\/p>\n<p>Nu har fallet pr\u00f6vats i hovr\u00e4tten. \u00c4ven hovr\u00e4tten kommer fram till att mordet begicks med upps\u00e5t och fastst\u00e4ller domen.\u00a0<\/p>\n<p><img loading=\"lazy\"   alt=\"\"\/><\/p>\n<p>Marek Rokosz sa att en hund st\u00f6tte in i honom vilket gjorde att han av misstag avfyrade vapnet.<\/p>\n<p>Foto: Privat<\/p>\n<p>\u00d6ppna bild i helsk\u00e4rm<\/p>\n","protected":false},"excerpt":{"rendered":"Publicerad 19 sep 2025 kl 11.19 34-\u00e5ringen skulle driva in en skuld p\u00e5 julafton. I st\u00e4llet sk\u00f6ts han&hellip;\n","protected":false},"author":2,"featured_media":34229,"comment_status":"","ping_status":"","sticky":false,"template":"","format":"standard","meta":{"footnotes":""},"categories":[12],"tags":[22,23,26,27,17,21,24,25,28,29,15,16,18,34,666,31,33,32,30,19,436,20],"class_list":{"0":"post-34228","1":"post","2":"type-post","3":"status-publish","4":"format-standard","5":"has-post-thumbnail","7":"category-sverige","8":"tag-breaking-news","9":"tag-breakingnews","10":"tag-featured-news","11":"tag-featurednews","12":"tag-headlines","13":"tag-huvudnyheter","14":"tag-latest-news","15":"tag-latestnews","16":"tag-main-news","17":"tag-mainnews","18":"tag-news","19":"tag-nyheter","20":"tag-rubriker","21":"tag-se","22":"tag-sections-krim","23":"tag-svenska","24":"tag-sverige","25":"tag-sweden","26":"tag-swedish","27":"tag-top-stories","28":"tag-topic-valdsbrott-mord","29":"tag-topstories"},"share_on_mastodon":{"url":"","error":""},"_links":{"self":[{"href":"https:\/\/www.europesays.com\/se\/wp-json\/wp\/v2\/posts\/34228","targetHints":{"allow":["GET"]}}],"collection":[{"href":"https:\/\/www.europesays.com\/se\/wp-json\/wp\/v2\/posts"}],"about":[{"href":"https:\/\/www.europesays.com\/se\/wp-json\/wp\/v2\/types\/post"}],"author":[{"embeddable":true,"href":"https:\/\/www.europesays.com\/se\/wp-json\/wp\/v2\/users\/2"}],"replies":[{"embeddable":true,"href":"https:\/\/www.europesays.com\/se\/wp-json\/wp\/v2\/comments?post=34228"}],"version-history":[{"count":0,"href":"https:\/\/www.europesays.com\/se\/wp-json\/wp\/v2\/posts\/34228\/revisions"}],"wp:featuredmedia":[{"embeddable":true,"href":"https:\/\/www.europesays.com\/se\/wp-json\/wp\/v2\/media\/34229"}],"wp:attachment":[{"href":"https:\/\/www.europesays.com\/se\/wp-json\/wp\/v2\/media?parent=34228"}],"wp:term":[{"taxonomy":"category","embeddable":true,"href":"https:\/\/www.europesays.com\/se\/wp-json\/wp\/v2\/categories?post=34228"},{"taxonomy":"post_tag","embeddable":true,"href":"https:\/\/www.europesays.com\/se\/wp-json\/wp\/v2\/tags?post=34228"}],"curies":[{"name":"wp","href":"https:\/\/api.w.org\/{rel}","templated":true}]}}