{"id":342286,"date":"2026-08-17T16:05:16","date_gmt":"2026-08-17T16:05:16","guid":{"rendered":"https:\/\/www.europesays.com\/se\/342286\/"},"modified":"2026-08-17T16:05:16","modified_gmt":"2026-08-17T16:05:16","slug":"uppgift-usa-general-ska-overvaka-hamas-avvapning","status":"publish","type":"post","link":"https:\/\/www.europesays.com\/se\/342286\/","title":{"rendered":"Uppgift: USA-general ska \u00f6vervaka Hamas avv\u00e4pning"},"content":{"rendered":"<p>En amerikansk general ska \u00f6vervaka avv\u00e4pningen av Hamas innan Israel drar sig ur Gaza. Det \u00e4r USA-s\u00e4ndebudet Jared Kushner och Israels premi\u00e4rminister Benjamin Netanyahu \u00f6verens om efter m\u00e5ndagens timsl\u00e5nga m\u00f6te i Jerusalem, uppger en israelisk tj\u00e4nsteman f\u00f6r AFP. <\/p>\n<p>Netanyahu har tidigare opponerat sig mot att Hamas skulle l\u00e4mna \u00f6ver vapnen till en palestinsk kommitt\u00e9 som ska ta \u00f6ver styret av Gaza. <\/p>\n<p>Ingen av parterna har officiellt bekr\u00e4ftat inneh\u00e5llet i samtalet. <\/p>\n<p>P\u00e5 s\u00f6ndagen tr\u00e4ffade Kushner den nye Hamasledaren Khalil al-Hayya i Kairo, och pressade p\u00e5 f\u00f6r att Hamas ska visa att de sl\u00e4pper sina vapen enligt tidigare l\u00f6ften. <\/p>\n<p>En kn\u00e4ckfr\u00e5ga i f\u00f6rhandlingarna \u00e4r att Hamas vill att Israel drar sig ur innan de l\u00e5ter sig avv\u00e4pnas, medan Israel s\u00e4tter avv\u00e4pningen som villkor f\u00f6r att dra sig ur. <\/p>\n<p>Texten uppdateras. <\/p>\n<p>Omni \u00e4r politiskt obundna och oberoende. Vi str\u00e4var efter att ge fler perspektiv p\u00e5 nyheterna. Har du fr\u00e5gor eller synpunkter kring v\u00e5r rapportering? <a href=\"https:\/\/omni.se\/uppgift-usa-general-ska-overvaka-hamas-avvapning\/a\/mailto:redaktion@omni.se\" class=\"ArticleActions-module-scss-module__w9u9BG__contactLink\" rel=\"nofollow noopener\" target=\"_blank\">Kontakta redaktionen<\/a><\/p>\n","protected":false},"excerpt":{"rendered":"En amerikansk general ska \u00f6vervaka avv\u00e4pningen av Hamas innan Israel drar sig ur Gaza. Det \u00e4r USA-s\u00e4ndebudet Jared&hellip;\n","protected":false},"author":2,"featured_media":342287,"comment_status":"","ping_status":"","sticky":false,"template":"","format":"standard","meta":{"footnotes":"","_share_on_mastodon":"0"},"categories":[5],"tags":[1044,22,23,26,27,121,122,17,21,342,10798,24,25,28,29,124,125,15,268,16,18,34,31,33,32,30,19,20,74],"class_list":["post-342286","post","type-post","status-publish","format-standard","has-post-thumbnail","category-rubriker","tag-benjamin-netanyahu","tag-breaking-news","tag-breakingnews","tag-featured-news","tag-featurednews","tag-gaza","tag-hamas","tag-headlines","tag-huvudnyheter","tag-israel","tag-jared-kushner","tag-latest-news","tag-latestnews","tag-main-news","tag-mainnews","tag-mellanostern","tag-mellanosternkrisen","tag-news","tag-nordamerika","tag-nyheter","tag-rubriker","tag-se","tag-svenska","tag-sverige","tag-sweden","tag-swedish","tag-top-stories","tag-topstories","tag-usa"],"share_on_mastodon":{"url":"https:\/\/pubeurope.com\/@se\/117111706258783149","error":""},"_links":{"self":[{"href":"https:\/\/www.europesays.com\/se\/wp-json\/wp\/v2\/posts\/342286","targetHints":{"allow":["GET"]}}],"collection":[{"href":"https:\/\/www.europesays.com\/se\/wp-json\/wp\/v2\/posts"}],"about":[{"href":"https:\/\/www.europesays.com\/se\/wp-json\/wp\/v2\/types\/post"}],"author":[{"embeddable":true,"href":"https:\/\/www.europesays.com\/se\/wp-json\/wp\/v2\/users\/2"}],"replies":[{"embeddable":true,"href":"https:\/\/www.europesays.com\/se\/wp-json\/wp\/v2\/comments?post=342286"}],"version-history":[{"count":0,"href":"https:\/\/www.europesays.com\/se\/wp-json\/wp\/v2\/posts\/342286\/revisions"}],"wp:featuredmedia":[{"embeddable":true,"href":"https:\/\/www.europesays.com\/se\/wp-json\/wp\/v2\/media\/342287"}],"wp:attachment":[{"href":"https:\/\/www.europesays.com\/se\/wp-json\/wp\/v2\/media?parent=342286"}],"wp:term":[{"taxonomy":"category","embeddable":true,"href":"https:\/\/www.europesays.com\/se\/wp-json\/wp\/v2\/categories?post=342286"},{"taxonomy":"post_tag","embeddable":true,"href":"https:\/\/www.europesays.com\/se\/wp-json\/wp\/v2\/tags?post=342286"}],"curies":[{"name":"wp","href":"https:\/\/api.w.org\/{rel}","templated":true}]}}