{"id":342600,"date":"2026-08-17T21:19:33","date_gmt":"2026-08-17T21:19:33","guid":{"rendered":"https:\/\/www.europesays.com\/se\/342600\/"},"modified":"2026-08-17T21:19:33","modified_gmt":"2026-08-17T21:19:33","slug":"analys-jose-riveiro-la-ett-pussel-som-bara-han-forutsag-motivet-pa","status":"publish","type":"post","link":"https:\/\/www.europesays.com\/se\/342600\/","title":{"rendered":"ANALYS: Jose Riveiro la ett pussel som bara han f\u00f6ruts\u00e5g motivet p\u00e5"},"content":{"rendered":"<p>                                <img loading=\"lazy\" width=\"1000\" height=\"650\" src=\"https:\/\/www.europesays.com\/se\/wp-content\/uploads\/2026\/08\/BB260816JN059-e1786970921326.jpg\" class=\"attachment-full size-full wp-post-image\" alt=\"ANALYS: Jose Riveiro la ett pussel som bara han f\u00f6ruts\u00e5g motivet p\u00e5\" title=\"\" decoding=\"async\"  \/>                            <\/p>\n<p><strong>Gnaget var s\u00e4llan sk\u00e5dade underdogs inf\u00f6r derbyt mot Djurg\u00e5rden.<\/strong><\/p>\n<p><strong>Men tog bara 45 minuter f\u00f6r laget att skada Djurg\u00e5rden p\u00e5 ett s\u00e4tt som gjorde att de inte lyckades resa sig.<\/strong><\/p>\n<p><strong>Vi har analyserat matchplanen som gjorde Jose Riveiros AIK till derbyvinnare.<\/strong><\/p>\n<p>  Redan prenumerant? <a href=\"https:\/\/fotbollsthlm.se\/login\/\" style=\"color:blue;\" rel=\"nofollow noopener\" target=\"_blank\">Logga in<\/a> f\u00f6r att l\u00e4sa.<\/p>\n<p>Eller bli <a href=\"https:\/\/fotbollsthlm.se\/plus\/\" style=\"color:blue;\" rel=\"nofollow noopener\" target=\"_blank\">Prenumerant<\/a> &#13;\n    <\/p>\n<p>\u2022 Tillg\u00e5ng till allt material p\u00e5 Fotboll Sthlm <br \/>&#13;<br \/>\n\u2022 L\u00f6pande prenumeration, utan bindningstid <br \/>&#13;<br \/>\n\u2022 99 kronor f\u00f6r 30 dagar&#13;\n    <\/p>\n<p>                                <a href=\"https:\/\/fotbollsthlm.se\/tag\/aik\/\" rel=\"tag nofollow noopener\" target=\"_blank\">AIK<\/a>, <a href=\"https:\/\/fotbollsthlm.se\/tag\/plus\/\" rel=\"tag nofollow noopener\" target=\"_blank\">Plus<\/a>                            <\/p>\n","protected":false},"excerpt":{"rendered":"Gnaget var s\u00e4llan sk\u00e5dade underdogs inf\u00f6r derbyt mot Djurg\u00e5rden. Men tog bara 45 minuter f\u00f6r laget att skada&hellip;\n","protected":false},"author":2,"featured_media":342601,"comment_status":"","ping_status":"","sticky":false,"template":"","format":"standard","meta":{"footnotes":"","_share_on_mastodon":"0"},"categories":[5],"tags":[3711,22,23,26,27,17,21,24,25,28,29,15,16,9471,18,34,31,33,32,30,19,20],"class_list":["post-342600","post","type-post","status-publish","format-standard","has-post-thumbnail","category-rubriker","tag-aik","tag-breaking-news","tag-breakingnews","tag-featured-news","tag-featurednews","tag-headlines","tag-huvudnyheter","tag-latest-news","tag-latestnews","tag-main-news","tag-mainnews","tag-news","tag-nyheter","tag-plus","tag-rubriker","tag-se","tag-svenska","tag-sverige","tag-sweden","tag-swedish","tag-top-stories","tag-topstories"],"share_on_mastodon":{"url":"https:\/\/pubeurope.com\/@se\/117112941840874037","error":""},"_links":{"self":[{"href":"https:\/\/www.europesays.com\/se\/wp-json\/wp\/v2\/posts\/342600","targetHints":{"allow":["GET"]}}],"collection":[{"href":"https:\/\/www.europesays.com\/se\/wp-json\/wp\/v2\/posts"}],"about":[{"href":"https:\/\/www.europesays.com\/se\/wp-json\/wp\/v2\/types\/post"}],"author":[{"embeddable":true,"href":"https:\/\/www.europesays.com\/se\/wp-json\/wp\/v2\/users\/2"}],"replies":[{"embeddable":true,"href":"https:\/\/www.europesays.com\/se\/wp-json\/wp\/v2\/comments?post=342600"}],"version-history":[{"count":0,"href":"https:\/\/www.europesays.com\/se\/wp-json\/wp\/v2\/posts\/342600\/revisions"}],"wp:featuredmedia":[{"embeddable":true,"href":"https:\/\/www.europesays.com\/se\/wp-json\/wp\/v2\/media\/342601"}],"wp:attachment":[{"href":"https:\/\/www.europesays.com\/se\/wp-json\/wp\/v2\/media?parent=342600"}],"wp:term":[{"taxonomy":"category","embeddable":true,"href":"https:\/\/www.europesays.com\/se\/wp-json\/wp\/v2\/categories?post=342600"},{"taxonomy":"post_tag","embeddable":true,"href":"https:\/\/www.europesays.com\/se\/wp-json\/wp\/v2\/tags?post=342600"}],"curies":[{"name":"wp","href":"https:\/\/api.w.org\/{rel}","templated":true}]}}