{"id":342648,"date":"2026-08-17T22:36:18","date_gmt":"2026-08-17T22:36:18","guid":{"rendered":"https:\/\/www.europesays.com\/se\/342648\/"},"modified":"2026-08-17T22:36:18","modified_gmt":"2026-08-17T22:36:18","slug":"kushner-framsteg-i-samtalen-med-netanyahu","status":"publish","type":"post","link":"https:\/\/www.europesays.com\/se\/342648\/","title":{"rendered":"Kushner: Framsteg i samtalen med Netanyahu"},"content":{"rendered":"<p>Donald Trumps sv\u00e4rson och s\u00e4ndebud Jared Kushner \u00e4r positiv efter m\u00e5ndagens samtal om Gaza med Israels premi\u00e4rminister Benjamin Netanyahu, rapporterar AFP.<\/p>\n<p>USA och Israel har kommit \u00f6verens om att en amerikansk general ska \u00f6vervaka avv\u00e4pningen av Hamas, och att ingen \u00e5teruppbyggnad ska ske i Gaza f\u00f6rr\u00e4n Hamas lagt ner vapnen.<\/p>\n<p>\u2013 Vi kan b\u00f6rja se framsteg om s\u00e5 lite som 30 dagar. F\u00f6rhoppningsvis kan vi b\u00f6rja ta ut n\u00e5gra av vapnen och b\u00f6rja fylla ut n\u00e5gra av deras tunnlar, s\u00e4ger Kushner.<\/p>\n<p>En k\u00e4lla uppger f\u00f6r Axios att Kushner bad Netanyahu ta \u201dsm\u00e5 steg\u201d f\u00f6r att f\u00f6rs\u00e4kra sig om att Hamas vilja att l\u00e4gga ner vapnen \u00e4r uppriktig.<\/p>\n<p>Kushner har skickats av Trump f\u00f6r att f\u00f6rs\u00f6ka f\u00e5 den amerikanska fredsplanen i rullning efter att Israel avf\u00e4rdat den. Innan Netanyahu tr\u00e4ffade Kushner en Hamas-f\u00f6retr\u00e4dare i Egypten.<\/p>\n<p>Omni \u00e4r politiskt obundna och oberoende. Vi str\u00e4var efter att ge fler perspektiv p\u00e5 nyheterna. Har du fr\u00e5gor eller synpunkter kring v\u00e5r rapportering? <a href=\"https:\/\/omni.se\/kushner-framsteg-i-samtalen-med-netanyahu\/a\/mailto:redaktion@omni.se\" class=\"ArticleActions-module-scss-module__w9u9BG__contactLink\" rel=\"nofollow noopener\" target=\"_blank\">Kontakta redaktionen<\/a><\/p>\n","protected":false},"excerpt":{"rendered":"Donald Trumps sv\u00e4rson och s\u00e4ndebud Jared Kushner \u00e4r positiv efter m\u00e5ndagens samtal om Gaza med Israels premi\u00e4rminister Benjamin&hellip;\n","protected":false},"author":2,"featured_media":342649,"comment_status":"","ping_status":"","sticky":false,"template":"","format":"standard","meta":{"footnotes":"","_share_on_mastodon":"0"},"categories":[5],"tags":[1044,22,23,26,27,121,122,17,21,342,10798,24,25,28,29,124,125,15,268,16,18,34,31,33,32,30,19,20,74],"class_list":["post-342648","post","type-post","status-publish","format-standard","has-post-thumbnail","category-rubriker","tag-benjamin-netanyahu","tag-breaking-news","tag-breakingnews","tag-featured-news","tag-featurednews","tag-gaza","tag-hamas","tag-headlines","tag-huvudnyheter","tag-israel","tag-jared-kushner","tag-latest-news","tag-latestnews","tag-main-news","tag-mainnews","tag-mellanostern","tag-mellanosternkrisen","tag-news","tag-nordamerika","tag-nyheter","tag-rubriker","tag-se","tag-svenska","tag-sverige","tag-sweden","tag-swedish","tag-top-stories","tag-topstories","tag-usa"],"share_on_mastodon":{"url":"https:\/\/pubeurope.com\/@se\/117113243930538429","error":""},"_links":{"self":[{"href":"https:\/\/www.europesays.com\/se\/wp-json\/wp\/v2\/posts\/342648","targetHints":{"allow":["GET"]}}],"collection":[{"href":"https:\/\/www.europesays.com\/se\/wp-json\/wp\/v2\/posts"}],"about":[{"href":"https:\/\/www.europesays.com\/se\/wp-json\/wp\/v2\/types\/post"}],"author":[{"embeddable":true,"href":"https:\/\/www.europesays.com\/se\/wp-json\/wp\/v2\/users\/2"}],"replies":[{"embeddable":true,"href":"https:\/\/www.europesays.com\/se\/wp-json\/wp\/v2\/comments?post=342648"}],"version-history":[{"count":0,"href":"https:\/\/www.europesays.com\/se\/wp-json\/wp\/v2\/posts\/342648\/revisions"}],"wp:featuredmedia":[{"embeddable":true,"href":"https:\/\/www.europesays.com\/se\/wp-json\/wp\/v2\/media\/342649"}],"wp:attachment":[{"href":"https:\/\/www.europesays.com\/se\/wp-json\/wp\/v2\/media?parent=342648"}],"wp:term":[{"taxonomy":"category","embeddable":true,"href":"https:\/\/www.europesays.com\/se\/wp-json\/wp\/v2\/categories?post=342648"},{"taxonomy":"post_tag","embeddable":true,"href":"https:\/\/www.europesays.com\/se\/wp-json\/wp\/v2\/tags?post=342648"}],"curies":[{"name":"wp","href":"https:\/\/api.w.org\/{rel}","templated":true}]}}